{"id":41884,"date":"2026-01-07T06:23:13","date_gmt":"2026-01-07T05:23:13","guid":{"rendered":"https:\/\/www.lintelligentdabidjan.info\/news\/?p=41884"},"modified":"2026-01-07T06:23:27","modified_gmt":"2026-01-07T05:23:27","slug":"lintelligent-en-pdf-mobilite-etudiante-et-diaspora-la-precarite-etudiante-ivoirienne-au-canada-reste-marginale-interview-exclusive-avec-s-e-m-bafetegue-ouatt","status":"publish","type":"post","link":"https:\/\/www.lintelligentdabidjan.info\/news\/lintelligent-en-pdf-mobilite-etudiante-et-diaspora-la-precarite-etudiante-ivoirienne-au-canada-reste-marginale-interview-exclusive-avec-s-e-m-bafetegue-ouatt\/","title":{"rendered":"L&#8217;Intelligent en PDF:\u00a0  Mobilit\u00e9 \u00e9tudiante et diaspora :  \u00ab La pr\u00e9carit\u00e9 \u00e9tudiante ivoirienne au Canada reste marginale \u00bb     \u00a0Interview exclusive avec S.E.M Bafetegue\u00a0 Ouattara    Ambassadeur de la R\u00e9publique de C\u00f4te d\u2019Ivoire au Canada"},"content":{"rendered":"<p dir=\"ltr\"><strong>Ambassadeur de la R\u00e9publique de C\u00f4te d\u2019Ivoire au Canada, S.E.M. Bafetegue\u00a0 Ouattara livre, dans cet entretien exclusif, une analyse rigoureuse et responsable de la situation des Ivoiriens \u00e9tablis au Canada. \u00c9tudiants boursiers et non boursiers, pr\u00e9carit\u00e9 ponctuelle, demandes d\u2019asile, politiques migratoires et retour au pays : une parole officielle qui d\u00e9monte les amalgames et replace le d\u00e9bat dans sa r\u00e9elle dimension diplomatique, humaine et strat\u00e9gique.<\/strong><\/p>\n<p dir=\"ltr\">Interview exclusive \u00e0 d\u00e9couvrir dans vos kiosques et en ligne sur&#8230;<\/p>\n<p><a href=\"https:\/\/news.abidjan.net\/titrologie\/39-lintelligent-dabidjan\/articles\" target=\"_blank\" rel=\"noopener\">https:\/\/news.abidjan.net\/titrologie\/39-lintelligent-dabidjan\/articles<\/a><\/p>\n<p>&nbsp;<\/p>\n<p dir=\"ltr\">\u00a0\u00c0\u00a0 lire aussi\u00a0 CAN 2025 : 3-0 \u00e0 Marrakech hier , \u00c9l\u00e9phants en patron, \u00c9talons \u00e0 l\u2019arr\u00eat; Ce qui n&#8217;a jamais \u00e9t\u00e9 dit sur les r\u00e9sultats des l\u00e9gislatives 2025;\u00a0 Blessy et le Pdci-Rda mis en cause \u00e0 B\u00e9oumi pour le non-respect de la Constitution et du Code \u00e9lectoral; Les faits qui ont marqu\u00e9 2025 en C\u00f4te d&#8217;Ivoire\u00a0 notamment L&#8217;intelligent d&#8217;Abidjan certifi\u00e9 JTI.<\/p>\n<p>&nbsp;<\/p>\n<p dir=\"ltr\">Cliquez pour les d\u00e9tails<\/p>\n<p><a href=\"https:\/\/www.afrikipresse.fr\/abonnement\" target=\"_blank\" rel=\"noopener\">https:\/\/www.afrikipresse.fr\/abonnement<\/a><\/p>\n<p dir=\"ltr\">\u00c0\u00a0 voir \u00e9galement\u00a0 Lu pour vous\u00a0 \u00a0 &#8220;La derni\u00e8re \u00e9pouse&#8221; de Bernadette Sanou et Entre foi, amour et pouvoir :Plong\u00e9e dans Le prix du vote \/ L\u2019amour d\u00e9sabus\u00e9<\/p>\n<p><a href=\"https:\/\/www.pressecotedivoire.fr\/titrologie\" target=\"_blank\" rel=\"noopener\">https:\/\/www.pressecotedivoire.fr\/titrologie<\/a><\/p>\n<p>&nbsp;<\/p>\n","protected":false},"excerpt":{"rendered":"<p>Ambassadeur de la R\u00e9publique de C\u00f4te d\u2019Ivoire au Canada, S.E.M. Bafetegue\u00a0 Ouattara livre, dans cet entretien exclusif, une analyse rigoureuse et responsable de la situation des Ivoiriens \u00e9tablis au Canada. \u00c9tudiants boursiers et non boursiers, pr\u00e9carit\u00e9 ponctuelle, demandes d\u2019asile, politiques migratoires et retour au pays : une parole officielle qui d\u00e9monte les amalgames et replace [&hellip;]<\/p>\n","protected":false},"author":4,"featured_media":41885,"comment_status":"closed","ping_status":"closed","sticky":false,"template":"","format":"standard","meta":{"_monsterinsights_skip_tracking":false,"_monsterinsights_sitenote_active":false,"_monsterinsights_sitenote_note":"","_monsterinsights_sitenote_category":0,"footnotes":""},"categories":[2,3],"tags":[],"class_list":["post-41884","post","type-post","status-publish","format-standard","has-post-thumbnail","hentry","category-featured","category-societe"],"_links":{"self":[{"href":"https:\/\/www.lintelligentdabidjan.info\/news\/wp-json\/wp\/v2\/posts\/41884","targetHints":{"allow":["GET"]}}],"collection":[{"href":"https:\/\/www.lintelligentdabidjan.info\/news\/wp-json\/wp\/v2\/posts"}],"about":[{"href":"https:\/\/www.lintelligentdabidjan.info\/news\/wp-json\/wp\/v2\/types\/post"}],"author":[{"embeddable":true,"href":"https:\/\/www.lintelligentdabidjan.info\/news\/wp-json\/wp\/v2\/users\/4"}],"replies":[{"embeddable":true,"href":"https:\/\/www.lintelligentdabidjan.info\/news\/wp-json\/wp\/v2\/comments?post=41884"}],"version-history":[{"count":2,"href":"https:\/\/www.lintelligentdabidjan.info\/news\/wp-json\/wp\/v2\/posts\/41884\/revisions"}],"predecessor-version":[{"id":41887,"href":"https:\/\/www.lintelligentdabidjan.info\/news\/wp-json\/wp\/v2\/posts\/41884\/revisions\/41887"}],"wp:featuredmedia":[{"embeddable":true,"href":"https:\/\/www.lintelligentdabidjan.info\/news\/wp-json\/wp\/v2\/media\/41885"}],"wp:attachment":[{"href":"https:\/\/www.lintelligentdabidjan.info\/news\/wp-json\/wp\/v2\/media?parent=41884"}],"wp:term":[{"taxonomy":"category","embeddable":true,"href":"https:\/\/www.lintelligentdabidjan.info\/news\/wp-json\/wp\/v2\/categories?post=41884"},{"taxonomy":"post_tag","embeddable":true,"href":"https:\/\/www.lintelligentdabidjan.info\/news\/wp-json\/wp\/v2\/tags?post=41884"}],"curies":[{"name":"wp","href":"https:\/\/api.w.org\/{rel}","templated":true}]}}