{"id":41891,"date":"2026-01-08T06:16:20","date_gmt":"2026-01-08T05:16:20","guid":{"rendered":"https:\/\/www.lintelligentdabidjan.info\/news\/?p=41891"},"modified":"2026-01-08T06:16:20","modified_gmt":"2026-01-08T05:16:20","slug":"lintelligent-en-pdf-presidence-de-la-republique-massere-toure-kone-hier-le-premier-ministre-a-rendu-sa-demission","status":"publish","type":"post","link":"https:\/\/www.lintelligentdabidjan.info\/news\/lintelligent-en-pdf-presidence-de-la-republique-massere-toure-kone-hier-le-premier-ministre-a-rendu-sa-demission\/","title":{"rendered":"\u00a0 \u00a0L&#8217;Intelligent en PDF:\u00a0Pr\u00e9sidence de la R\u00e9publique -Masser\u00e9 Tour\u00e9-Kon\u00e9, hier : \u00ab Le premier ministre a rendu sa d\u00e9mission \u00bb"},"content":{"rendered":"<div><strong>Le pr\u00e9sident de la R\u00e9publique a mis fin\u00a0 \u00a0aux fonctions du Premier Ministre, Chef du Gouvernement, et des membres du Gouvernement selon un communiqu\u00e9 rendu public le mercredi 7 janvier 2026 par\u00a0 la Secr\u00e9taire G\u00e9n\u00e9rale de la Pr\u00e9sidence de la R\u00e9publique\u00a0 Mass\u00e9r\u00e9 TOURE- KONE. Le chef de l\u2019\u00c9tat a aussi mis fin aux fonctions des Ministres, Gouverneurs des Districts Autonomes.\u00a0<\/strong><\/div>\n<div><\/div>\n<div>Le communiqu\u00e9 \u00e0 d\u00e9couvrir en ligne sur&#8230;<\/div>\n<div><a href=\"https:\/\/news.abidjan.net\/titrologie\/39-lintelligent-dabidjan\/articles\" target=\"_blank\" rel=\"noopener\">https:\/\/news.abidjan.net\/titrologie\/39-lintelligent-dabidjan\/articles<\/a><\/div>\n<div><\/div>\n<div>\u00a0\u00c0\u00a0 lire \u00e9galement l&#8217;entretien de\u00a0 Franck Kessi\u00e9, capitaine des \u00c9l\u00e9phants ; l&#8217;agenda qui se dessine au niveau de l&#8217;Assembl\u00e9e nationale, du nouveau gouvernement et des v\u0153ux 2026 \u00e0 la Nation, le message de nouvel an d&#8217;Ahmed Ciss\u00e9, pr\u00e9sident de la CGECI<\/div>\n<div><\/div>\n<div>Cliquez pour les d\u00e9tails<\/div>\n<div><a href=\"https:\/\/www.afrikipresse.fr\/abonnement\" target=\"_blank\" rel=\"noopener\">https:\/\/www.afrikipresse.fr\/abonnement<\/a><\/div>\n<div><\/div>\n<div>\u00c0\u00a0 voir aussi une nouvelle station de traitement d\u2019eau mise en service \u00e0 San Pedro.<\/div>\n<div><a href=\"https:\/\/www.pressecotedivoire.fr\/titrologie\" target=\"_blank\" rel=\"noopener\">https:\/\/www.pressecotedivoire.fr\/titrologie<\/a><\/div>\n<div><\/div>\n","protected":false},"excerpt":{"rendered":"<p>Le pr\u00e9sident de la R\u00e9publique a mis fin\u00a0 \u00a0aux fonctions du Premier Ministre, Chef du Gouvernement, et des membres du Gouvernement selon un communiqu\u00e9 rendu public le mercredi 7 janvier 2026 par\u00a0 la Secr\u00e9taire G\u00e9n\u00e9rale de la Pr\u00e9sidence de la R\u00e9publique\u00a0 Mass\u00e9r\u00e9 TOURE- KONE. Le chef de l\u2019\u00c9tat a aussi mis fin aux fonctions des [&hellip;]<\/p>\n","protected":false},"author":4,"featured_media":41892,"comment_status":"closed","ping_status":"closed","sticky":false,"template":"","format":"standard","meta":{"_monsterinsights_skip_tracking":false,"_monsterinsights_sitenote_active":false,"_monsterinsights_sitenote_note":"","_monsterinsights_sitenote_category":0,"footnotes":""},"categories":[2,3],"tags":[],"class_list":["post-41891","post","type-post","status-publish","format-standard","has-post-thumbnail","hentry","category-featured","category-societe"],"_links":{"self":[{"href":"https:\/\/www.lintelligentdabidjan.info\/news\/wp-json\/wp\/v2\/posts\/41891","targetHints":{"allow":["GET"]}}],"collection":[{"href":"https:\/\/www.lintelligentdabidjan.info\/news\/wp-json\/wp\/v2\/posts"}],"about":[{"href":"https:\/\/www.lintelligentdabidjan.info\/news\/wp-json\/wp\/v2\/types\/post"}],"author":[{"embeddable":true,"href":"https:\/\/www.lintelligentdabidjan.info\/news\/wp-json\/wp\/v2\/users\/4"}],"replies":[{"embeddable":true,"href":"https:\/\/www.lintelligentdabidjan.info\/news\/wp-json\/wp\/v2\/comments?post=41891"}],"version-history":[{"count":1,"href":"https:\/\/www.lintelligentdabidjan.info\/news\/wp-json\/wp\/v2\/posts\/41891\/revisions"}],"predecessor-version":[{"id":41893,"href":"https:\/\/www.lintelligentdabidjan.info\/news\/wp-json\/wp\/v2\/posts\/41891\/revisions\/41893"}],"wp:featuredmedia":[{"embeddable":true,"href":"https:\/\/www.lintelligentdabidjan.info\/news\/wp-json\/wp\/v2\/media\/41892"}],"wp:attachment":[{"href":"https:\/\/www.lintelligentdabidjan.info\/news\/wp-json\/wp\/v2\/media?parent=41891"}],"wp:term":[{"taxonomy":"category","embeddable":true,"href":"https:\/\/www.lintelligentdabidjan.info\/news\/wp-json\/wp\/v2\/categories?post=41891"},{"taxonomy":"post_tag","embeddable":true,"href":"https:\/\/www.lintelligentdabidjan.info\/news\/wp-json\/wp\/v2\/tags?post=41891"}],"curies":[{"name":"wp","href":"https:\/\/api.w.org\/{rel}","templated":true}]}}