{"id":41894,"date":"2026-01-09T06:12:06","date_gmt":"2026-01-09T05:12:06","guid":{"rendered":"https:\/\/www.lintelligentdabidjan.info\/news\/?p=41894"},"modified":"2026-01-09T06:12:43","modified_gmt":"2026-01-09T05:12:43","slug":"jif-2026-les-differentes-articulations-devoilees","status":"publish","type":"post","link":"https:\/\/www.lintelligentdabidjan.info\/news\/jif-2026-les-differentes-articulations-devoilees\/","title":{"rendered":"Jif 2026:  Les diff\u00e9rentes articulations d\u00e9voil\u00e9es"},"content":{"rendered":"<p><strong>Le lancement officiel de l\u2019\u00e9dition 2026 de la Journ\u00e9e Internationale des droits de la Femme (Jif) s\u2019est tenu le jeudi 8 janvier 2026, \u00e0 la salle Kodjo \u00c9boucl\u00e9 du Palais de la Culture d\u2019Abidjan-Treichville.<\/strong><\/p>\n<p>Plac\u00e9e sous le th\u00e8me \u00ab Justice pour toutes : agir pour les femmes et les filles de C\u00f4te d\u2019Ivoire \u00bb, la Journ\u00e9e Internationale des droits de la Femme (Jif) 2026 ambitionne de renforcer l\u2019acc\u00e8s effectif des femmes et des filles \u00e0 leurs droits. Pour le directeur de cabinet du minist\u00e8re de la Femme, de la Famille et de l\u2019Enfant, Diarrassouba Moussa, le droit ne doit pas \u00eatre un concept abstrait, mais une r\u00e9alit\u00e9 tangible pour toutes les femmes et filles de C\u00f4te d\u2019Ivoire . Il doit se traduire par des actions concr\u00e8tes et mesurables, notamment au profit des femmes les plus vuln\u00e9rables, en particulier en milieu rural. \u00ab En affirmant \u2018\u2019justice pour toutes&#8217;\u2019, nous r\u00e9affirmons notre volont\u00e9 de r\u00e9duire les obstacles qui freinent l\u2019acc\u00e8s des femmes \u00e0 leurs droits. En ajoutant \u2018\u2019agir&#8217;\u2019, nous prenons l\u2019engagement de passer des discours \u00e0 l\u2019impact r\u00e9el \u00bb, a-t-il soulign\u00e9.<\/p>\n<p><strong>Une \u00e9dition riche en actions de terrain<\/strong><\/p>\n<p>La Jif 2026 s\u2019annonce dense, avec des activit\u00e9s d\u00e9ploy\u00e9es sur l\u2019ensemble du territoire national avec des formations, campagnes de sensibilisation, actions de proximit\u00e9, appuis aux groupements f\u00e9minins et initiatives communautaires. Le point culminant sera la c\u00e9r\u00e9monie officielle, pr\u00e9vue en pr\u00e9sence de la Premi\u00e8re Dame, Dominique Ouattara.<\/p>\n<p>\u00ab Notre ambition est de faire de la Jif 2026 un temps fort de mobilisation nationale, mais surtout un moment utile dans la vie quotidienne des femmes \u00bb, a pr\u00e9cis\u00e9 Diarrassouba Moussa.<\/p>\n<p>Au nom du pr\u00e9sident du Conseil \u00c9conomique, Social, Environnemental et Culturel (Cesec), le vice-pr\u00e9sident Bl\u00e9 Guirao a salu\u00e9 les progr\u00e8s r\u00e9alis\u00e9s et r\u00e9affirm\u00e9 l\u2019engagement de l\u2019institution \u00e0 accompagner l\u2019\u00c9tat et les acteurs nationaux en faveur de la justice, de l\u2019\u00e9galit\u00e9 et de l\u2019inclusion des femmes.<\/p>\n<p>&nbsp;<\/p>\n<p><strong>Olivier Dion avec A. Traor\u00e9<\/strong><\/p>\n<p>&nbsp;<\/p>\n<p>&nbsp;<\/p>\n<p>&nbsp;<\/p>\n<p>&nbsp;<\/p>\n","protected":false},"excerpt":{"rendered":"<p>Le lancement officiel de l\u2019\u00e9dition 2026 de la Journ\u00e9e Internationale des droits de la Femme (Jif) s\u2019est tenu le jeudi 8 janvier 2026, \u00e0 la salle Kodjo \u00c9boucl\u00e9 du Palais de la Culture d\u2019Abidjan-Treichville. Plac\u00e9e sous le th\u00e8me \u00ab Justice pour toutes : agir pour les femmes et les filles de C\u00f4te d\u2019Ivoire \u00bb, la [&hellip;]<\/p>\n","protected":false},"author":4,"featured_media":41895,"comment_status":"closed","ping_status":"closed","sticky":false,"template":"","format":"standard","meta":{"_monsterinsights_skip_tracking":false,"_monsterinsights_sitenote_active":false,"_monsterinsights_sitenote_note":"","_monsterinsights_sitenote_category":0,"footnotes":""},"categories":[2,3],"tags":[2027,6845],"class_list":["post-41894","post","type-post","status-publish","format-standard","has-post-thumbnail","hentry","category-featured","category-societe","tag-articulations","tag-jif-2026"],"_links":{"self":[{"href":"https:\/\/www.lintelligentdabidjan.info\/news\/wp-json\/wp\/v2\/posts\/41894","targetHints":{"allow":["GET"]}}],"collection":[{"href":"https:\/\/www.lintelligentdabidjan.info\/news\/wp-json\/wp\/v2\/posts"}],"about":[{"href":"https:\/\/www.lintelligentdabidjan.info\/news\/wp-json\/wp\/v2\/types\/post"}],"author":[{"embeddable":true,"href":"https:\/\/www.lintelligentdabidjan.info\/news\/wp-json\/wp\/v2\/users\/4"}],"replies":[{"embeddable":true,"href":"https:\/\/www.lintelligentdabidjan.info\/news\/wp-json\/wp\/v2\/comments?post=41894"}],"version-history":[{"count":1,"href":"https:\/\/www.lintelligentdabidjan.info\/news\/wp-json\/wp\/v2\/posts\/41894\/revisions"}],"predecessor-version":[{"id":41896,"href":"https:\/\/www.lintelligentdabidjan.info\/news\/wp-json\/wp\/v2\/posts\/41894\/revisions\/41896"}],"wp:featuredmedia":[{"embeddable":true,"href":"https:\/\/www.lintelligentdabidjan.info\/news\/wp-json\/wp\/v2\/media\/41895"}],"wp:attachment":[{"href":"https:\/\/www.lintelligentdabidjan.info\/news\/wp-json\/wp\/v2\/media?parent=41894"}],"wp:term":[{"taxonomy":"category","embeddable":true,"href":"https:\/\/www.lintelligentdabidjan.info\/news\/wp-json\/wp\/v2\/categories?post=41894"},{"taxonomy":"post_tag","embeddable":true,"href":"https:\/\/www.lintelligentdabidjan.info\/news\/wp-json\/wp\/v2\/tags?post=41894"}],"curies":[{"name":"wp","href":"https:\/\/api.w.org\/{rel}","templated":true}]}}