{"id":41900,"date":"2026-01-09T06:25:19","date_gmt":"2026-01-09T05:25:19","guid":{"rendered":"https:\/\/www.lintelligentdabidjan.info\/news\/?p=41900"},"modified":"2026-01-09T06:25:29","modified_gmt":"2026-01-09T05:25:29","slug":"message-de-nouvel-an-le-prefet-de-grand-bassam-salue-la-maturite-politique-des-populations","status":"publish","type":"post","link":"https:\/\/www.lintelligentdabidjan.info\/news\/message-de-nouvel-an-le-prefet-de-grand-bassam-salue-la-maturite-politique-des-populations\/","title":{"rendered":"Message de Nouvel An :  Le pr\u00e9fet de Grand-Bassam salue la \u00ab maturit\u00e9 politique \u00bb des populations"},"content":{"rendered":"<p><strong>La\u00a0 pr\u00e9f\u00e8te du d\u00e9partement de Grand-Bassam, Nassou Sidib\u00e9, s\u2019est f\u00e9licit\u00e9e du climat de calme et de s\u00e9r\u00e9nit\u00e9 qui a pr\u00e9valu tout au long de l\u2019ann\u00e9e 2025, notamment lors de l\u2019\u00e9lection pr\u00e9sidentielle d\u2019octobre et des \u00e9lections l\u00e9gislatives de d\u00e9cembre.<\/strong><\/p>\n<p>&nbsp;<\/p>\n<p>Dans son message de Nouvel An adress\u00e9 aux populations, dont nous avons re\u00e7u copie, l\u2019autorit\u00e9 pr\u00e9fectorale a salu\u00e9 la maturit\u00e9 politique des habitants du d\u00e9partement. \u00ab Dans la perspective des \u00e9lections pr\u00e9sidentielle et l\u00e9gislatives, les campagnes de sensibilisation et d\u2019information se sont bien d\u00e9roul\u00e9es. La pr\u00e9sidentielle de 2025, pr\u00e9sent\u00e9e \u00e0 tort comme celle de tous les dangers, s\u2019est tenue dans la s\u00e9r\u00e9nit\u00e9, malgr\u00e9 un incident malheureux ayant entra\u00een\u00e9 la mort d\u2019un jeune homme \u00e0 Bonoua, \u00e0 la m\u00e9moire duquel nous rendons hommage \u00bb, a-t-elle d\u00e9clar\u00e9.<\/p>\n<p>&nbsp;<\/p>\n<p>Elle a \u00e9galement soulign\u00e9 que, de la publication de la liste des candidats aux l\u00e9gislatives jusqu\u2019\u00e0 la proclamation des r\u00e9sultats, en passant par la campagne \u00e9lectorale et le scrutin, aucun incident majeur n\u2019a \u00e9t\u00e9 enregistr\u00e9. Dans les deux circonscriptions \u00e9lectorales du d\u00e9partement, les r\u00e9sultats n\u2019ont suscit\u00e9 aucune contestation, une situation qu\u2019elle a attribu\u00e9e \u00e0 l\u2019engagement responsable de l\u2019ensemble des parties prenantes.<\/p>\n<p>&nbsp;<\/p>\n<p>Sur le plan \u00e9conomique, Nassou Sidib\u00e9 a relev\u00e9 une am\u00e9lioration sensible du niveau de vie des populations rurales, li\u00e9e notamment au rel\u00e8vement des prix d\u2019achat bord champ des produits agricoles, en particulier le cacao et le caf\u00e9.<\/p>\n<p>&nbsp;<\/p>\n<p>Concernant le volet social, la pr\u00e9f\u00e8te a regrett\u00e9 la lenteur, voire l\u2019arr\u00eat, des travaux de r\u00e9habilitation de l\u2019h\u00f4pital g\u00e9n\u00e9ral de Grand-Bassam, engag\u00e9s depuis 2021. En revanche, elle s\u2019est r\u00e9jouie du renforcement du plateau technique de l\u2019h\u00f4pital de Bonoua, d\u00e9sormais \u00e9quip\u00e9 de trois blocs op\u00e9ratoires modernes.<\/p>\n<p>&nbsp;<\/p>\n<p>Pour l\u2019ann\u00e9e 2026, Nassou Sidib\u00e9 a annonc\u00e9 l\u2019ouverture \u00e0 Grand-Bassam d\u2019un Centre de radioth\u00e9rapie et d\u2019oncologie m\u00e9dicale, destin\u00e9 \u00e0 la prise en charge des malades du cancer, au b\u00e9n\u00e9fice de la sous-r\u00e9gion ouest-africaine et au-del\u00e0.<\/p>\n<p><strong>Jean\u2011Hubert Koffo<\/strong><\/p>\n<p>&nbsp;<\/p>\n<p>&nbsp;<\/p>\n<p>&nbsp;<\/p>\n","protected":false},"excerpt":{"rendered":"<p>La\u00a0 pr\u00e9f\u00e8te du d\u00e9partement de Grand-Bassam, Nassou Sidib\u00e9, s\u2019est f\u00e9licit\u00e9e du climat de calme et de s\u00e9r\u00e9nit\u00e9 qui a pr\u00e9valu tout au long de l\u2019ann\u00e9e 2025, notamment lors de l\u2019\u00e9lection pr\u00e9sidentielle d\u2019octobre et des \u00e9lections l\u00e9gislatives de d\u00e9cembre. &nbsp; Dans son message de Nouvel An adress\u00e9 aux populations, dont nous avons re\u00e7u copie, l\u2019autorit\u00e9 pr\u00e9fectorale [&hellip;]<\/p>\n","protected":false},"author":4,"featured_media":41901,"comment_status":"closed","ping_status":"closed","sticky":false,"template":"","format":"standard","meta":{"_monsterinsights_skip_tracking":false,"_monsterinsights_sitenote_active":false,"_monsterinsights_sitenote_note":"","_monsterinsights_sitenote_category":0,"footnotes":""},"categories":[2,3],"tags":[6851,5939,6802,1512],"class_list":["post-41900","post","type-post","status-publish","format-standard","has-post-thumbnail","hentry","category-featured","category-societe","tag-le-prefet-de-grand-bassam","tag-maturite-politique","tag-message-de-nouvel-an","tag-populations"],"_links":{"self":[{"href":"https:\/\/www.lintelligentdabidjan.info\/news\/wp-json\/wp\/v2\/posts\/41900","targetHints":{"allow":["GET"]}}],"collection":[{"href":"https:\/\/www.lintelligentdabidjan.info\/news\/wp-json\/wp\/v2\/posts"}],"about":[{"href":"https:\/\/www.lintelligentdabidjan.info\/news\/wp-json\/wp\/v2\/types\/post"}],"author":[{"embeddable":true,"href":"https:\/\/www.lintelligentdabidjan.info\/news\/wp-json\/wp\/v2\/users\/4"}],"replies":[{"embeddable":true,"href":"https:\/\/www.lintelligentdabidjan.info\/news\/wp-json\/wp\/v2\/comments?post=41900"}],"version-history":[{"count":1,"href":"https:\/\/www.lintelligentdabidjan.info\/news\/wp-json\/wp\/v2\/posts\/41900\/revisions"}],"predecessor-version":[{"id":41902,"href":"https:\/\/www.lintelligentdabidjan.info\/news\/wp-json\/wp\/v2\/posts\/41900\/revisions\/41902"}],"wp:featuredmedia":[{"embeddable":true,"href":"https:\/\/www.lintelligentdabidjan.info\/news\/wp-json\/wp\/v2\/media\/41901"}],"wp:attachment":[{"href":"https:\/\/www.lintelligentdabidjan.info\/news\/wp-json\/wp\/v2\/media?parent=41900"}],"wp:term":[{"taxonomy":"category","embeddable":true,"href":"https:\/\/www.lintelligentdabidjan.info\/news\/wp-json\/wp\/v2\/categories?post=41900"},{"taxonomy":"post_tag","embeddable":true,"href":"https:\/\/www.lintelligentdabidjan.info\/news\/wp-json\/wp\/v2\/tags?post=41900"}],"curies":[{"name":"wp","href":"https:\/\/api.w.org\/{rel}","templated":true}]}}