{"id":41903,"date":"2026-01-09T06:30:49","date_gmt":"2026-01-09T05:30:49","guid":{"rendered":"https:\/\/www.lintelligentdabidjan.info\/news\/?p=41903"},"modified":"2026-01-09T06:34:28","modified_gmt":"2026-01-09T05:34:28","slug":"deuxieme-legion-de-gendarmerie-de-daloa-dix-gendarmes-admis-a-la-retraite-honores","status":"publish","type":"post","link":"https:\/\/www.lintelligentdabidjan.info\/news\/deuxieme-legion-de-gendarmerie-de-daloa-dix-gendarmes-admis-a-la-retraite-honores\/","title":{"rendered":"Deuxi\u00e8me L\u00e9gion de gendarmerie de Daloa : Dix gendarmes admis \u00e0 la retraite honor\u00e9s\u00a0\u00a0"},"content":{"rendered":"<p><strong>La Deuxi\u00e8me L\u00e9gion de gendarmerie territoriale de Daloa a rendu un hommage solennel \u00e0 dix gendarmes admis \u00e0 la retraite depuis le 31 d\u00e9cembre 2025, au cours d\u2019une c\u00e9r\u00e9monie organis\u00e9e le mercredi 7 janvier 2026.<\/strong><\/p>\n<p>Apr\u00e8s de longues ann\u00e9es de loyaux et d\u00e9vou\u00e9s services au sein de la gendarmerie nationale, ces agents ont officiellement quitt\u00e9 l\u2019uniforme, marquant la fin d\u2019une carri\u00e8re consacr\u00e9e \u00e0 la s\u00e9curit\u00e9 des populations et \u00e0 la d\u00e9fense des valeurs r\u00e9publicaines.<\/p>\n<p>Inscrite dans la tradition de la L\u00e9gion, cette c\u00e9r\u00e9monie a permis au colonel-major Yao Delora Cyrille Kouassi, commandant la 2\u1d49 L\u00e9gion de gendarmerie territoriale, de rendre un hommage appuy\u00e9 aux gendarmes tomb\u00e9s en service en 2025, tout en saluant la qualit\u00e9 du travail accompli par les nouveaux retrait\u00e9s.<\/p>\n<p>\u00ab Ils quittent l\u2019uniforme, mais demeurent des gendarmes dans l\u2019\u00e2me. Ils resteront disponibles, vigilants et r\u00e9actifs, notamment dans le cadre de la gendarmerie de contact et de la police de proximit\u00e9 \u00bb, a-t-il soulign\u00e9.<\/p>\n<p>Le colonel-major Kouassi a \u00e9galement exprim\u00e9 sa reconnaissance au g\u00e9n\u00e9ral de corps d\u2019arm\u00e9e Alexandre Apalo Tour\u00e9, commandant sup\u00e9rieur de la gendarmerie nationale, ainsi qu\u2019au ministre d\u2019\u00c9tat, ministre de la D\u00e9fense, et au pr\u00e9sident de la R\u00e9publique, chef supr\u00eame des arm\u00e9es, pour leur soutien constant. Il a indiqu\u00e9 qu\u2019au terme de l\u2019ann\u00e9e 2025, la 2\u1d49 L\u00e9gion territoriale a enregistr\u00e9 176 d\u00e9corations et 114 promotions.<\/p>\n<p>Pr\u00e9sent \u00e0 la c\u00e9r\u00e9monie, le pr\u00e9fet de r\u00e9gion int\u00e9rimaire, Gb\u00e9i K\u00e9po Emmanuel, a f\u00e9licit\u00e9 les retrait\u00e9s et les a invit\u00e9s \u00e0 \u00eatre fiers du service rendu \u00e0 la Nation.<\/p>\n<p>Au nom des r\u00e9cipiendaires, N\u2019dri Kouassi, ancien chef de brigade, a salu\u00e9 cette initiative et exhort\u00e9 la jeune g\u00e9n\u00e9ration \u00e0 pr\u00e9server l\u2019image et les valeurs de la gendarmerie nationale.<\/p>\n<p>Des tableaux d\u2019honneur ont \u00e9t\u00e9 remis \u00e0 chacun des dix gendarmes en signe de reconnaissance.<\/p>\n<p><strong>Beker Yao\u00a0<\/strong><\/p>\n<p>&nbsp;<\/p>\n<p>&nbsp;<\/p>\n<p>&nbsp;<\/p>\n<p>&nbsp;<\/p>\n<p>&nbsp;<\/p>\n<p>&nbsp;<\/p>\n","protected":false},"excerpt":{"rendered":"<p>La Deuxi\u00e8me L\u00e9gion de gendarmerie territoriale de Daloa a rendu un hommage solennel \u00e0 dix gendarmes admis \u00e0 la retraite depuis le 31 d\u00e9cembre 2025, au cours d\u2019une c\u00e9r\u00e9monie organis\u00e9e le mercredi 7 janvier 2026. Apr\u00e8s de longues ann\u00e9es de loyaux et d\u00e9vou\u00e9s services au sein de la gendarmerie nationale, ces agents ont officiellement quitt\u00e9 [&hellip;]<\/p>\n","protected":false},"author":4,"featured_media":41904,"comment_status":"closed","ping_status":"closed","sticky":false,"template":"","format":"standard","meta":{"_monsterinsights_skip_tracking":false,"_monsterinsights_sitenote_active":false,"_monsterinsights_sitenote_note":"","_monsterinsights_sitenote_category":0,"footnotes":""},"categories":[2,3],"tags":[3919,6852,3024,6853],"class_list":["post-41903","post","type-post","status-publish","format-standard","has-post-thumbnail","hentry","category-featured","category-societe","tag-admis","tag-deuxieme-legion-de-gendarmerie-de-daloa","tag-gendarmes","tag-la-retraite-honores"],"_links":{"self":[{"href":"https:\/\/www.lintelligentdabidjan.info\/news\/wp-json\/wp\/v2\/posts\/41903","targetHints":{"allow":["GET"]}}],"collection":[{"href":"https:\/\/www.lintelligentdabidjan.info\/news\/wp-json\/wp\/v2\/posts"}],"about":[{"href":"https:\/\/www.lintelligentdabidjan.info\/news\/wp-json\/wp\/v2\/types\/post"}],"author":[{"embeddable":true,"href":"https:\/\/www.lintelligentdabidjan.info\/news\/wp-json\/wp\/v2\/users\/4"}],"replies":[{"embeddable":true,"href":"https:\/\/www.lintelligentdabidjan.info\/news\/wp-json\/wp\/v2\/comments?post=41903"}],"version-history":[{"count":1,"href":"https:\/\/www.lintelligentdabidjan.info\/news\/wp-json\/wp\/v2\/posts\/41903\/revisions"}],"predecessor-version":[{"id":41905,"href":"https:\/\/www.lintelligentdabidjan.info\/news\/wp-json\/wp\/v2\/posts\/41903\/revisions\/41905"}],"wp:featuredmedia":[{"embeddable":true,"href":"https:\/\/www.lintelligentdabidjan.info\/news\/wp-json\/wp\/v2\/media\/41904"}],"wp:attachment":[{"href":"https:\/\/www.lintelligentdabidjan.info\/news\/wp-json\/wp\/v2\/media?parent=41903"}],"wp:term":[{"taxonomy":"category","embeddable":true,"href":"https:\/\/www.lintelligentdabidjan.info\/news\/wp-json\/wp\/v2\/categories?post=41903"},{"taxonomy":"post_tag","embeddable":true,"href":"https:\/\/www.lintelligentdabidjan.info\/news\/wp-json\/wp\/v2\/tags?post=41903"}],"curies":[{"name":"wp","href":"https:\/\/api.w.org\/{rel}","templated":true}]}}