{"id":41930,"date":"2026-01-13T05:27:17","date_gmt":"2026-01-13T04:27:17","guid":{"rendered":"https:\/\/www.lintelligentdabidjan.info\/news\/?p=41930"},"modified":"2026-01-13T05:27:21","modified_gmt":"2026-01-13T04:27:21","slug":"yamoussoukro-augustin-thiam-fait-un-don-a-la-communaute-malinke","status":"publish","type":"post","link":"https:\/\/www.lintelligentdabidjan.info\/news\/yamoussoukro-augustin-thiam-fait-un-don-a-la-communaute-malinke\/","title":{"rendered":"Yamoussoukro :  Augustin Thiam fait un don \u00e0 la communaut\u00e9 malink\u00e9\u00a0"},"content":{"rendered":"<p>Le ministre, gouverneur du district autonome de Yamoussoukro et d\u00e9put\u00e9 nouvellement \u00e9lu de Yamoussoukro-Commune, Augustin Thiam, a proc\u00e9d\u00e9, le lundi 12 janvier 2026, \u00e0 la remise de b\u00e2ches, de chaises et d\u2019un mat\u00e9riel de sonorisation \u00e0 la communaut\u00e9 malink\u00e9 du quartier Dioulabougou. La c\u00e9r\u00e9monie s\u2019est tenue au domicile du chef central de ladite communaut\u00e9, Siaka Kon\u00e9, commun\u00e9ment appel\u00e9 le Dougoutigui.<\/p>\n<p>Ce don s\u2019inscrit dans le cadre de la tourn\u00e9e de remerciements entreprise par le ministre-gouverneur \u00e0 l\u2019endroit des associations, groupements et communaut\u00e9s qui ont contribu\u00e9 \u00e0 la victoire du RHDP lors des \u00e9lections l\u00e9gislatives de d\u00e9cembre 2025.<\/p>\n<p>\u00c0 l\u2019occasion d\u2019une pr\u00e9c\u00e9dente visite chez le chef central de la communaut\u00e9 malink\u00e9, celui-ci avait exprim\u00e9 une dol\u00e9ance li\u00e9e au manque de logistique pour l\u2019organisation des r\u00e9unions communautaires, notamment en b\u00e2ches, chaises et \u00e9quipements de sonorisation.<\/p>\n<p>Sensible \u00e0 cette requ\u00eate, Augustin Thiam avait imm\u00e9diatement pris l\u2019engagement d\u2019y r\u00e9pondre favorablement, donnant s\u00e9ance tenante des instructions \u00e0 ses collaborateurs afin que cette difficult\u00e9 soit rapidement r\u00e9solue. La promesse a ainsi \u00e9t\u00e9 tenue avec la remise d\u2019un lot compos\u00e9 de 200 chaises, de b\u00e2ches et d\u2019un mat\u00e9riel de sonorisation moderne.<\/p>\n<p>Absent lors de la c\u00e9r\u00e9monie, le ministre, gouverneur \u00e9tait repr\u00e9sent\u00e9 par son directeur de cabinet, Kouadio Rapha\u00ebl, accompagn\u00e9 de plusieurs collaborateurs. Au nom du chef central, le deuxi\u00e8me porte-parole de la communaut\u00e9 malink\u00e9, Ladji Sidib\u00e9, a salu\u00e9 ce geste qu\u2019il a qualifi\u00e9 de marque d\u2019\u00e9coute et d\u2019attention envers les populations. Il a \u00e9galement formul\u00e9 des pri\u00e8res et des b\u00e9n\u00e9dictions \u00e0 l\u2019endroit du donateur, de sa famille, de ses collaborateurs, du pr\u00e9sident de la R\u00e9publique, Alassane Ouattara, ainsi que pour la paix et la coh\u00e9sion en C\u00f4te d\u2019Ivoire.<\/p>\n<p><strong>Harry Diallo, depuis Yamoussoukro<\/strong><\/p>\n<p>&nbsp;<\/p>\n<p>&nbsp;<\/p>\n","protected":false},"excerpt":{"rendered":"<p>Le ministre, gouverneur du district autonome de Yamoussoukro et d\u00e9put\u00e9 nouvellement \u00e9lu de Yamoussoukro-Commune, Augustin Thiam, a proc\u00e9d\u00e9, le lundi 12 janvier 2026, \u00e0 la remise de b\u00e2ches, de chaises et d\u2019un mat\u00e9riel de sonorisation \u00e0 la communaut\u00e9 malink\u00e9 du quartier Dioulabougou. La c\u00e9r\u00e9monie s\u2019est tenue au domicile du chef central de ladite communaut\u00e9, Siaka [&hellip;]<\/p>\n","protected":false},"author":4,"featured_media":41931,"comment_status":"closed","ping_status":"closed","sticky":false,"template":"","format":"standard","meta":{"_monsterinsights_skip_tracking":false,"_monsterinsights_sitenote_active":false,"_monsterinsights_sitenote_note":"","_monsterinsights_sitenote_category":0,"footnotes":""},"categories":[2,3],"tags":[97,570,6868,51],"class_list":["post-41930","post","type-post","status-publish","format-standard","has-post-thumbnail","hentry","category-featured","category-societe","tag-augustin-thiam","tag-don","tag-la-communaute-malinke","tag-yamoussoukro"],"_links":{"self":[{"href":"https:\/\/www.lintelligentdabidjan.info\/news\/wp-json\/wp\/v2\/posts\/41930","targetHints":{"allow":["GET"]}}],"collection":[{"href":"https:\/\/www.lintelligentdabidjan.info\/news\/wp-json\/wp\/v2\/posts"}],"about":[{"href":"https:\/\/www.lintelligentdabidjan.info\/news\/wp-json\/wp\/v2\/types\/post"}],"author":[{"embeddable":true,"href":"https:\/\/www.lintelligentdabidjan.info\/news\/wp-json\/wp\/v2\/users\/4"}],"replies":[{"embeddable":true,"href":"https:\/\/www.lintelligentdabidjan.info\/news\/wp-json\/wp\/v2\/comments?post=41930"}],"version-history":[{"count":1,"href":"https:\/\/www.lintelligentdabidjan.info\/news\/wp-json\/wp\/v2\/posts\/41930\/revisions"}],"predecessor-version":[{"id":41932,"href":"https:\/\/www.lintelligentdabidjan.info\/news\/wp-json\/wp\/v2\/posts\/41930\/revisions\/41932"}],"wp:featuredmedia":[{"embeddable":true,"href":"https:\/\/www.lintelligentdabidjan.info\/news\/wp-json\/wp\/v2\/media\/41931"}],"wp:attachment":[{"href":"https:\/\/www.lintelligentdabidjan.info\/news\/wp-json\/wp\/v2\/media?parent=41930"}],"wp:term":[{"taxonomy":"category","embeddable":true,"href":"https:\/\/www.lintelligentdabidjan.info\/news\/wp-json\/wp\/v2\/categories?post=41930"},{"taxonomy":"post_tag","embeddable":true,"href":"https:\/\/www.lintelligentdabidjan.info\/news\/wp-json\/wp\/v2\/tags?post=41930"}],"curies":[{"name":"wp","href":"https:\/\/api.w.org\/{rel}","templated":true}]}}