{"id":41933,"date":"2026-01-13T05:31:59","date_gmt":"2026-01-13T04:31:59","guid":{"rendered":"https:\/\/www.lintelligentdabidjan.info\/news\/?p=41933"},"modified":"2026-01-13T05:32:03","modified_gmt":"2026-01-13T04:32:03","slug":"daloa-la-police-nationale-rend-hommage-a-14-agents-admis-a-la-retraite","status":"publish","type":"post","link":"https:\/\/www.lintelligentdabidjan.info\/news\/daloa-la-police-nationale-rend-hommage-a-14-agents-admis-a-la-retraite\/","title":{"rendered":"Daloa :La Police nationale rend hommage \u00e0 14 agents admis \u00e0 la retraite"},"content":{"rendered":"<p><strong>La Police nationale a organis\u00e9, le samedi 10 janvier 2026, une c\u00e9r\u00e9monie solennelle en l\u2019honneur de quatorze (14) agents admis \u00e0 faire valoir leurs droits \u00e0 la retraite. La rencontre s\u2019est tenue au camp du Groupement Mobile d\u2019Intervention (GMI) de Daloa, en pr\u00e9sence des autorit\u00e9s administratives et s\u00e9curitaires, de responsables policiers, des familles des r\u00e9cipiendaires et de nombreux invit\u00e9s.<\/strong><\/p>\n<p>Dans son allocution, le pr\u00e9fet de police de Daloa, Louis de Gonzac Diouf, a salu\u00e9 le parcours exemplaire de ces agents qui ont servi la Nation \u00ab avec dignit\u00e9, honneur et un sens \u00e9lev\u00e9 du devoir \u00bb. Il a soulign\u00e9 que cette c\u00e9r\u00e9monie allait bien au-del\u00e0 d\u2019un simple d\u00e9part \u00e0 la retraite, incarnant \u00ab la cl\u00f4ture de plusieurs chapitres d\u2019une histoire collective b\u00e2tie sur l\u2019engagement, le courage et le sacrifice \u00bb.<\/p>\n<p>Le pr\u00e9fet de police a rappel\u00e9 le r\u00f4le d\u00e9terminant jou\u00e9 par les agents admis \u00e0 la retraite dans la pr\u00e9servation de la paix sociale et la protection du pacte r\u00e9publicain. \u00ab Ils ont souvent constitu\u00e9 le rempart entre le d\u00e9sordre et la s\u00e9r\u00e9nit\u00e9 de nos concitoyens \u00bb, a-t-il indiqu\u00e9, \u00e9voquant des missions exigeantes men\u00e9es dans un contexte s\u00e9curitaire en constante \u00e9volution.<\/p>\n<p>Il a \u00e9galement mis en lumi\u00e8re les r\u00e9alit\u00e9s du m\u00e9tier de policier, marqu\u00e9es par de longues heures de surveillance, des enqu\u00eates complexes et la gestion de situations sensibles, mais aussi par la satisfaction du devoir accompli. Selon lui, l\u2019exp\u00e9rience des retrait\u00e9s constitue un h\u00e9ritage pr\u00e9cieux pour l\u2019institution. \u00ab Vous avez form\u00e9, encadr\u00e9 et conseill\u00e9 les plus jeunes, transmettant bien au-del\u00e0 des proc\u00e9dures, l\u2019\u00e9thique et l\u2019esprit du m\u00e9tier \u00bb, a-t-il ajout\u00e9.<\/p>\n<p>S\u2019adressant aux r\u00e9cipiendaires, Louis de Gonzac Diouf leur a exprim\u00e9 la reconnaissance de toute l\u2019institution, leur souhaitant une retraite paisible. \u00ab Vous quittez l\u2019institution, mais vous demeurez \u00e0 jamais membres \u00e0 part enti\u00e8re de la grande famille de la Police nationale \u00bb, a-t-il conclu.<\/p>\n<p>Au nom des retrait\u00e9s, le lieutenant Oula\u00ef S\u00e9min Eug\u00e8ne, porte-parole des r\u00e9cipiendaires, a remerci\u00e9 le haut commandement pour les r\u00e9formes engag\u00e9es et l\u2019accompagnement re\u00e7u, permettant aux agents de pr\u00e9parer leur retraite dans de bonnes conditions.<\/p>\n<p>La c\u00e9r\u00e9monie a \u00e9galement \u00e9t\u00e9 l\u2019occasion de dresser le bilan s\u00e9curitaire 2025 dans le Haut-Sassandra, marqu\u00e9 notamment par 151 interpellations, d\u2019importantes saisies de stup\u00e9fiants et des actions remarqu\u00e9es en mati\u00e8re de lutte contre le grand banditisme et l\u2019ins\u00e9curit\u00e9 routi\u00e8re.<\/p>\n<p><strong>Beker Yao\u00a0<\/strong><\/p>\n<p>&nbsp;<\/p>\n<p>&nbsp;<\/p>\n<p>&nbsp;<\/p>\n","protected":false},"excerpt":{"rendered":"<p>La Police nationale a organis\u00e9, le samedi 10 janvier 2026, une c\u00e9r\u00e9monie solennelle en l\u2019honneur de quatorze (14) agents admis \u00e0 faire valoir leurs droits \u00e0 la retraite. La rencontre s\u2019est tenue au camp du Groupement Mobile d\u2019Intervention (GMI) de Daloa, en pr\u00e9sence des autorit\u00e9s administratives et s\u00e9curitaires, de responsables policiers, des familles des r\u00e9cipiendaires [&hellip;]<\/p>\n","protected":false},"author":4,"featured_media":41934,"comment_status":"closed","ping_status":"closed","sticky":false,"template":"","format":"standard","meta":{"_monsterinsights_skip_tracking":false,"_monsterinsights_sitenote_active":false,"_monsterinsights_sitenote_note":"","_monsterinsights_sitenote_category":0,"footnotes":""},"categories":[2,3],"tags":[6789,105,715,6869,3025],"class_list":["post-41933","post","type-post","status-publish","format-standard","has-post-thumbnail","hentry","category-featured","category-societe","tag-agents-admis","tag-daloa","tag-hommage","tag-la-police-national","tag-retraite"],"_links":{"self":[{"href":"https:\/\/www.lintelligentdabidjan.info\/news\/wp-json\/wp\/v2\/posts\/41933","targetHints":{"allow":["GET"]}}],"collection":[{"href":"https:\/\/www.lintelligentdabidjan.info\/news\/wp-json\/wp\/v2\/posts"}],"about":[{"href":"https:\/\/www.lintelligentdabidjan.info\/news\/wp-json\/wp\/v2\/types\/post"}],"author":[{"embeddable":true,"href":"https:\/\/www.lintelligentdabidjan.info\/news\/wp-json\/wp\/v2\/users\/4"}],"replies":[{"embeddable":true,"href":"https:\/\/www.lintelligentdabidjan.info\/news\/wp-json\/wp\/v2\/comments?post=41933"}],"version-history":[{"count":1,"href":"https:\/\/www.lintelligentdabidjan.info\/news\/wp-json\/wp\/v2\/posts\/41933\/revisions"}],"predecessor-version":[{"id":41935,"href":"https:\/\/www.lintelligentdabidjan.info\/news\/wp-json\/wp\/v2\/posts\/41933\/revisions\/41935"}],"wp:featuredmedia":[{"embeddable":true,"href":"https:\/\/www.lintelligentdabidjan.info\/news\/wp-json\/wp\/v2\/media\/41934"}],"wp:attachment":[{"href":"https:\/\/www.lintelligentdabidjan.info\/news\/wp-json\/wp\/v2\/media?parent=41933"}],"wp:term":[{"taxonomy":"category","embeddable":true,"href":"https:\/\/www.lintelligentdabidjan.info\/news\/wp-json\/wp\/v2\/categories?post=41933"},{"taxonomy":"post_tag","embeddable":true,"href":"https:\/\/www.lintelligentdabidjan.info\/news\/wp-json\/wp\/v2\/tags?post=41933"}],"curies":[{"name":"wp","href":"https:\/\/api.w.org\/{rel}","templated":true}]}}