{"id":41936,"date":"2026-01-13T05:37:09","date_gmt":"2026-01-13T04:37:09","guid":{"rendered":"https:\/\/www.lintelligentdabidjan.info\/news\/?p=41936"},"modified":"2026-01-13T05:37:09","modified_gmt":"2026-01-13T04:37:09","slug":"lintelligent-en-pdf-carnet-de-voyage-au-maroc-lafrique-au-coeur-de-lambition-de-luniversite-mohammed-vi-polytechnique-en-route-vers-yamoussoukro","status":"publish","type":"post","link":"https:\/\/www.lintelligentdabidjan.info\/news\/lintelligent-en-pdf-carnet-de-voyage-au-maroc-lafrique-au-coeur-de-lambition-de-luniversite-mohammed-vi-polytechnique-en-route-vers-yamoussoukro\/","title":{"rendered":"L&#8217;Intelligent en PDF:\u00a0 Carnet de voyage   au Maroc     L\u2019Afrique au c\u0153ur de l\u2019ambition de l\u2019Universit\u00e9 Mohammed VI Polytechnique, en route vers Yamoussoukro"},"content":{"rendered":"<div><strong>Alors que le Maroc vit au rythme de la Coupe d\u2019Afrique des Nations 2025, qui s\u2019ach\u00e8ve le 18 janvier 2026, le pays montre qu\u2019il est plus qu&#8217;une terre de football, m\u00eame si la coupe du monde est aussi en mire . En effet, le lundi 12 janvier 2026, Rabat a accueilli une journ\u00e9e strat\u00e9gique consacr\u00e9e \u00e0 l\u2019avenir de l\u2019agriculture africaine, de la recherche scientifique et de la formation des \u00e9lites du continent.\u00a0<\/strong><\/div>\n<div><\/div>\n<div>La suite \u00e0 d\u00e9couvrir en ligne sur&#8230;<\/div>\n<div><\/div>\n<div><a href=\"https:\/\/news.abidjan.net\/titrologie\/39-lintelligent-dabidjan\/articles\" target=\"_blank\" rel=\"noopener\">https:\/\/news.abidjan.net\/titrologie\/39-lintelligent-dabidjan\/articles<\/a><\/div>\n<div><\/div>\n<div>\u00c0\u00a0 lire aussi Bruno Kon\u00e9 salue un projet du Tr\u00e9sor am\u00e9ricain dans le cadre du financement du logement en C\u00f4te d\u2019Ivoire; Kley Saley, Bobi Yod\u00e9 et Gnahoua Josu\u00e9 parlent d\u2019Angelo Papa;\u00a0Farikou Soumahoro racont\u00e9 en 160 pages; La BAD choisit<\/div>\n<div>Brazzaville pour ses Assembl\u00e9es annuelles 2026.<\/div>\n<div><\/div>\n<div>Cliquez pour les d\u00e9tails<\/div>\n<div><a href=\"https:\/\/www.afrikipresse.fr\/abonnement\" target=\"_blank\" rel=\"noopener\">https:\/\/www.afrikipresse.fr\/abonnement<\/a><\/div>\n<div><\/div>\n<div>\u00a0\u00c0\u00a0 voir \u00e9galement Cheikh Mounir Ouattara honor\u00e9 \u00e0 Yorobodi<\/div>\n<div><\/div>\n<div><a href=\"https:\/\/www.pressecotedivoire.fr\/titrologie\" target=\"_blank\" rel=\"noopener\">https:\/\/www.pressecotedivoire.fr\/titrologie<\/a><\/div>\n<div><\/div>\n","protected":false},"excerpt":{"rendered":"<p>Alors que le Maroc vit au rythme de la Coupe d\u2019Afrique des Nations 2025, qui s\u2019ach\u00e8ve le 18 janvier 2026, le pays montre qu\u2019il est plus qu&#8217;une terre de football, m\u00eame si la coupe du monde est aussi en mire . En effet, le lundi 12 janvier 2026, Rabat a accueilli une journ\u00e9e strat\u00e9gique consacr\u00e9e [&hellip;]<\/p>\n","protected":false},"author":4,"featured_media":41937,"comment_status":"closed","ping_status":"closed","sticky":false,"template":"","format":"standard","meta":{"_monsterinsights_skip_tracking":false,"_monsterinsights_sitenote_active":false,"_monsterinsights_sitenote_note":"","_monsterinsights_sitenote_category":0,"footnotes":""},"categories":[2,3],"tags":[],"class_list":["post-41936","post","type-post","status-publish","format-standard","has-post-thumbnail","hentry","category-featured","category-societe"],"_links":{"self":[{"href":"https:\/\/www.lintelligentdabidjan.info\/news\/wp-json\/wp\/v2\/posts\/41936","targetHints":{"allow":["GET"]}}],"collection":[{"href":"https:\/\/www.lintelligentdabidjan.info\/news\/wp-json\/wp\/v2\/posts"}],"about":[{"href":"https:\/\/www.lintelligentdabidjan.info\/news\/wp-json\/wp\/v2\/types\/post"}],"author":[{"embeddable":true,"href":"https:\/\/www.lintelligentdabidjan.info\/news\/wp-json\/wp\/v2\/users\/4"}],"replies":[{"embeddable":true,"href":"https:\/\/www.lintelligentdabidjan.info\/news\/wp-json\/wp\/v2\/comments?post=41936"}],"version-history":[{"count":1,"href":"https:\/\/www.lintelligentdabidjan.info\/news\/wp-json\/wp\/v2\/posts\/41936\/revisions"}],"predecessor-version":[{"id":41938,"href":"https:\/\/www.lintelligentdabidjan.info\/news\/wp-json\/wp\/v2\/posts\/41936\/revisions\/41938"}],"wp:featuredmedia":[{"embeddable":true,"href":"https:\/\/www.lintelligentdabidjan.info\/news\/wp-json\/wp\/v2\/media\/41937"}],"wp:attachment":[{"href":"https:\/\/www.lintelligentdabidjan.info\/news\/wp-json\/wp\/v2\/media?parent=41936"}],"wp:term":[{"taxonomy":"category","embeddable":true,"href":"https:\/\/www.lintelligentdabidjan.info\/news\/wp-json\/wp\/v2\/categories?post=41936"},{"taxonomy":"post_tag","embeddable":true,"href":"https:\/\/www.lintelligentdabidjan.info\/news\/wp-json\/wp\/v2\/tags?post=41936"}],"curies":[{"name":"wp","href":"https:\/\/api.w.org\/{rel}","templated":true}]}}