{"id":41948,"date":"2026-01-15T06:14:57","date_gmt":"2026-01-15T05:14:57","guid":{"rendered":"https:\/\/www.lintelligentdabidjan.info\/news\/?p=41948"},"modified":"2026-01-15T06:15:02","modified_gmt":"2026-01-15T05:15:02","slug":"livre-quand-un-journaliste-interpelle-sur-la-crise-de-lemploi-en-cote-divoire","status":"publish","type":"post","link":"https:\/\/www.lintelligentdabidjan.info\/news\/livre-quand-un-journaliste-interpelle-sur-la-crise-de-lemploi-en-cote-divoire\/","title":{"rendered":"Livre: Quand un journaliste interpelle sur la crise de l\u2019emploi en C\u00f4te d\u2019Ivoire"},"content":{"rendered":"<p><strong>Dans son ouvrage intitul\u00e9 \u00ab Le cr\u00e9puscule de l\u2019\u00c9tat employeur. Crise de l\u2019emploi en C\u00f4te d\u2019Ivoire : Comprendre, Agir, Transformer \u00bb, publi\u00e9 en juillet 2025 aux \u00e9ditions ICN\u2013Id\u00e9al COM NET, le journaliste et fondateur du quotidien Le B\u00e9lier, Michel Beta, propose une analyse approfondie du march\u00e9 du travail ivoirien. En 155 pages r\u00e9parties en 18 chapitres, il dresse un diagnostic sans concession d\u2019un syst\u00e8me qu\u2019il juge verrouill\u00e9 et en perte de rep\u00e8res.<\/strong><\/p>\n<p>L\u2019auteur soutient que les difficult\u00e9s d\u2019acc\u00e8s \u00e0 l\u2019emploi ne rel\u00e8vent pas uniquement du manque de qualifications. Il met en lumi\u00e8re l\u2019existence de \u00ab murs invisibles \u00bb que ni les dipl\u00f4mes ni le m\u00e9rite ne permettent toujours de franchir. Selon lui, ces obstacles prennent la forme de discriminations silencieuses, qu\u2019elles soient ethniques, de genre ou li\u00e9es \u00e0 l\u2019\u00e2ge. Il cite des phrases rapport\u00e9es du terrain telles que : \u00ab Nous ne voulons pas de telle ou telle ethnie \u00bb, \u00ab Nous pr\u00e9f\u00e9rons un homme \u00bb ou encore \u00ab Elle est trop \u00e2g\u00e9e pour ce poste \u00bb, autant de manifestations, dit-il, de pratiques encore trop r\u00e9pandues.<\/p>\n<p>Michel Beta d\u00e9nonce \u00e9galement un mod\u00e8le historique o\u00f9 l\u2019\u00c9tat a longtemps \u00e9t\u00e9 per\u00e7u comme l\u2019employeur principal, voire unique, garantissant la stabilit\u00e9 et la respectabilit\u00e9 professionnelle. Pour lui, cette conception, aliment\u00e9e par la centralit\u00e9 des concours administratifs \u2014 devenus de v\u00e9ritables \u00ab graals \u00bb \u2014 a nourri des attentes disproportionn\u00e9es et g\u00e9n\u00e9r\u00e9 de profondes frustrations. Il consid\u00e8re ce mod\u00e8le comme arriv\u00e9 \u00e0 bout de souffle, et plaide pour une transformation du r\u00f4le de l\u2019\u00c9tat, qu\u2019il imagine davantage comme facilitateur, r\u00e9gulateur et incubateur d\u2019initiatives que comme pourvoyeur direct d\u2019emplois.<\/p>\n<p>L\u2019auteur s\u2019attarde aussi sur les limites de l\u2019\u00c9cole ivoirienne, qu\u2019il accuse de produire essentiellement des demandeurs d\u2019emploi plut\u00f4t que des cr\u00e9ateurs de valeur. Il critique des enseignements parfois d\u00e9connect\u00e9s des r\u00e9alit\u00e9s \u00e9conomiques et des besoins nationaux.<\/p>\n<p>L\u2019ouvrage est pr\u00e9fac\u00e9 par Soro Gninagafol, directeur g\u00e9n\u00e9ral de la Fonction publique de C\u00f4te d\u2019Ivoire, ce qui lui conf\u00e8re une l\u00e9gitimit\u00e9 institutionnelle suppl\u00e9mentaire.<\/p>\n<p>La couverture du livre, d\u2019un bleu ciel, repr\u00e9sente une carte de la C\u00f4te d\u2019Ivoire aux couleurs nationales, surplomb\u00e9e d\u2019une foule de jeunes scrutant l\u2019horizon, symbole des attentes et des incertitudes de la jeunesse face au march\u00e9 du travail.<\/p>\n<p><strong>Mamadou Ouattara<\/strong><\/p>\n<p>.<\/p>\n<p>&nbsp;<\/p>\n<p>&nbsp;<\/p>\n<p>&nbsp;<\/p>\n","protected":false},"excerpt":{"rendered":"<p>Dans son ouvrage intitul\u00e9 \u00ab Le cr\u00e9puscule de l\u2019\u00c9tat employeur. Crise de l\u2019emploi en C\u00f4te d\u2019Ivoire : Comprendre, Agir, Transformer \u00bb, publi\u00e9 en juillet 2025 aux \u00e9ditions ICN\u2013Id\u00e9al COM NET, le journaliste et fondateur du quotidien Le B\u00e9lier, Michel Beta, propose une analyse approfondie du march\u00e9 du travail ivoirien. En 155 pages r\u00e9parties en 18 [&hellip;]<\/p>\n","protected":false},"author":4,"featured_media":41949,"comment_status":"closed","ping_status":"closed","sticky":false,"template":"","format":"standard","meta":{"_monsterinsights_skip_tracking":false,"_monsterinsights_sitenote_active":false,"_monsterinsights_sitenote_note":"","_monsterinsights_sitenote_category":0,"footnotes":""},"categories":[2,20],"tags":[77,6874,1126,6873],"class_list":["post-41948","post","type-post","status-publish","format-standard","has-post-thumbnail","hentry","category-featured","category-art-et-culture","tag-cote-divoire","tag-la-crise-de-lemploi","tag-livre","tag-un-journaliste"],"_links":{"self":[{"href":"https:\/\/www.lintelligentdabidjan.info\/news\/wp-json\/wp\/v2\/posts\/41948","targetHints":{"allow":["GET"]}}],"collection":[{"href":"https:\/\/www.lintelligentdabidjan.info\/news\/wp-json\/wp\/v2\/posts"}],"about":[{"href":"https:\/\/www.lintelligentdabidjan.info\/news\/wp-json\/wp\/v2\/types\/post"}],"author":[{"embeddable":true,"href":"https:\/\/www.lintelligentdabidjan.info\/news\/wp-json\/wp\/v2\/users\/4"}],"replies":[{"embeddable":true,"href":"https:\/\/www.lintelligentdabidjan.info\/news\/wp-json\/wp\/v2\/comments?post=41948"}],"version-history":[{"count":1,"href":"https:\/\/www.lintelligentdabidjan.info\/news\/wp-json\/wp\/v2\/posts\/41948\/revisions"}],"predecessor-version":[{"id":41950,"href":"https:\/\/www.lintelligentdabidjan.info\/news\/wp-json\/wp\/v2\/posts\/41948\/revisions\/41950"}],"wp:featuredmedia":[{"embeddable":true,"href":"https:\/\/www.lintelligentdabidjan.info\/news\/wp-json\/wp\/v2\/media\/41949"}],"wp:attachment":[{"href":"https:\/\/www.lintelligentdabidjan.info\/news\/wp-json\/wp\/v2\/media?parent=41948"}],"wp:term":[{"taxonomy":"category","embeddable":true,"href":"https:\/\/www.lintelligentdabidjan.info\/news\/wp-json\/wp\/v2\/categories?post=41948"},{"taxonomy":"post_tag","embeddable":true,"href":"https:\/\/www.lintelligentdabidjan.info\/news\/wp-json\/wp\/v2\/tags?post=41948"}],"curies":[{"name":"wp","href":"https:\/\/api.w.org\/{rel}","templated":true}]}}