{"id":41951,"date":"2026-01-15T06:19:28","date_gmt":"2026-01-15T05:19:28","guid":{"rendered":"https:\/\/www.lintelligentdabidjan.info\/news\/?p=41951"},"modified":"2026-01-15T06:19:52","modified_gmt":"2026-01-15T05:19:52","slug":"paix-et-droits-de-lhomme-bouake-se-prepare-a-accueillir-le-7%e1%b5%89-forum-sous-regional-de-la-jeunesse","status":"publish","type":"post","link":"https:\/\/www.lintelligentdabidjan.info\/news\/paix-et-droits-de-lhomme-bouake-se-prepare-a-accueillir-le-7%e1%b5%89-forum-sous-regional-de-la-jeunesse\/","title":{"rendered":"Paix et droits de l\u2019homme :Bouak\u00e9 se pr\u00e9pare \u00e0 accueillir le 7\u1d49 Forum sous-r\u00e9gional de la jeunesse"},"content":{"rendered":"<p><strong>Bouak\u00e9 abritera, du 12 au 14 ao\u00fbt 2026, la 7\u1d49 \u00e9dition du Forum sous-r\u00e9gional de la jeunesse sur la paix, la s\u00e9curit\u00e9 et les droits de l\u2019homme. En pr\u00e9lude \u00e0 cet \u00e9v\u00e9nement d\u2019envergure, initi\u00e9 par le R\u00e9seau Ouest Africain pour la Paix et les Droits de l\u2019Homme (ROAPDH), le comit\u00e9 de pilotage a entam\u00e9 une s\u00e9rie de d\u00e9marches aupr\u00e8s des autorit\u00e9s locales afin de solliciter leur appui institutionnel.<\/strong><\/p>\n<p>\u00c0 cet effet, le coordonnateur g\u00e9n\u00e9ral du forum et repr\u00e9sentant pays du ROAPDH, Sekongo Katongo F\u00e9lix, a conduit, le lundi 12 janvier 2026, une d\u00e9l\u00e9gation aupr\u00e8s de responsables administratifs et municipaux de la ville. L\u2019objectif de cette tourn\u00e9e \u00e9tait de pr\u00e9senter officiellement le projet et de recueillir des orientations pour une organisation r\u00e9ussie.<\/p>\n<p>La premi\u00e8re audience s\u2019est tenue \u00e0 l\u2019auberge des jeunes de Bouak\u00e9 avec la directrice r\u00e9gionale de la Promotion de la Jeunesse, de l\u2019Insertion professionnelle et du Service civique du Gb\u00eak\u00ea, Mme Bamba Fatoumata. Apr\u00e8s les civilit\u00e9s d\u2019usage, le coordonnateur g\u00e9n\u00e9ral a rappel\u00e9 que, apr\u00e8s Bamako, les pays membres du r\u00e9seau ont port\u00e9 leur choix sur la C\u00f4te d\u2019Ivoire, pr\u00e9cis\u00e9ment Bouak\u00e9, pour accueillir cette rencontre pr\u00e9vue autour de la Journ\u00e9e internationale de la jeunesse.<\/p>\n<p>S\u00e9duite par l\u2019initiative, Mme Bamba Fatoumata a salu\u00e9 l\u2019engagement de la jeunesse locale et assur\u00e9 de la disponibilit\u00e9 de ses services \u00e0 accompagner le projet, sous r\u00e9serve de l\u2019aval de sa hi\u00e9rarchie.<\/p>\n<p>Dans l\u2019apr\u00e8s-midi, la d\u00e9l\u00e9gation a \u00e9t\u00e9 re\u00e7ue \u00e0 l\u2019h\u00f4tel de ville par le troisi\u00e8me adjoint au maire, charg\u00e9 de la jeunesse, Silu\u00e9 P\u00e9gabila, qui a r\u00e9affirm\u00e9 l\u2019engagement de la municipalit\u00e9 \u00e0 soutenir l\u2019\u00e9v\u00e9nement.<\/p>\n<p>Les consultations se poursuivront avec d\u2019autres acteurs afin de garantir le succ\u00e8s de cette 7\u1d49 \u00e9dition \u00e0 Bouak\u00e9.<\/p>\n<p><strong>Nambac\u00e9r\u00e9 Jo\u00ebl, avec le sercom<\/strong><\/p>\n<p>&nbsp;<\/p>\n<p>&nbsp;<\/p>\n<p>&nbsp;<\/p>\n<p>&nbsp;<\/p>\n<p>&nbsp;<\/p>\n<p>&nbsp;<\/p>\n","protected":false},"excerpt":{"rendered":"<p>Bouak\u00e9 abritera, du 12 au 14 ao\u00fbt 2026, la 7\u1d49 \u00e9dition du Forum sous-r\u00e9gional de la jeunesse sur la paix, la s\u00e9curit\u00e9 et les droits de l\u2019homme. En pr\u00e9lude \u00e0 cet \u00e9v\u00e9nement d\u2019envergure, initi\u00e9 par le R\u00e9seau Ouest Africain pour la Paix et les Droits de l\u2019Homme (ROAPDH), le comit\u00e9 de pilotage a entam\u00e9 une [&hellip;]<\/p>\n","protected":false},"author":4,"featured_media":41952,"comment_status":"closed","ping_status":"closed","sticky":false,"template":"","format":"standard","meta":{"_monsterinsights_skip_tracking":false,"_monsterinsights_sitenote_active":false,"_monsterinsights_sitenote_note":"","_monsterinsights_sitenote_category":0,"footnotes":""},"categories":[2,3],"tags":[6876,125,6875],"class_list":["post-41951","post","type-post","status-publish","format-standard","has-post-thumbnail","hentry","category-featured","category-societe","tag-7-forum-sous-regional-de-la-jeunesse","tag-bouake","tag-paix-et-droits-de-lhomme"],"_links":{"self":[{"href":"https:\/\/www.lintelligentdabidjan.info\/news\/wp-json\/wp\/v2\/posts\/41951","targetHints":{"allow":["GET"]}}],"collection":[{"href":"https:\/\/www.lintelligentdabidjan.info\/news\/wp-json\/wp\/v2\/posts"}],"about":[{"href":"https:\/\/www.lintelligentdabidjan.info\/news\/wp-json\/wp\/v2\/types\/post"}],"author":[{"embeddable":true,"href":"https:\/\/www.lintelligentdabidjan.info\/news\/wp-json\/wp\/v2\/users\/4"}],"replies":[{"embeddable":true,"href":"https:\/\/www.lintelligentdabidjan.info\/news\/wp-json\/wp\/v2\/comments?post=41951"}],"version-history":[{"count":1,"href":"https:\/\/www.lintelligentdabidjan.info\/news\/wp-json\/wp\/v2\/posts\/41951\/revisions"}],"predecessor-version":[{"id":41953,"href":"https:\/\/www.lintelligentdabidjan.info\/news\/wp-json\/wp\/v2\/posts\/41951\/revisions\/41953"}],"wp:featuredmedia":[{"embeddable":true,"href":"https:\/\/www.lintelligentdabidjan.info\/news\/wp-json\/wp\/v2\/media\/41952"}],"wp:attachment":[{"href":"https:\/\/www.lintelligentdabidjan.info\/news\/wp-json\/wp\/v2\/media?parent=41951"}],"wp:term":[{"taxonomy":"category","embeddable":true,"href":"https:\/\/www.lintelligentdabidjan.info\/news\/wp-json\/wp\/v2\/categories?post=41951"},{"taxonomy":"post_tag","embeddable":true,"href":"https:\/\/www.lintelligentdabidjan.info\/news\/wp-json\/wp\/v2\/tags?post=41951"}],"curies":[{"name":"wp","href":"https:\/\/api.w.org\/{rel}","templated":true}]}}