{"id":41954,"date":"2026-01-15T06:23:48","date_gmt":"2026-01-15T05:23:48","guid":{"rendered":"https:\/\/www.lintelligentdabidjan.info\/news\/?p=41954"},"modified":"2026-01-15T06:38:47","modified_gmt":"2026-01-15T05:38:47","slug":"daloa-le-prefet-interimaire-rend-hommage-aux-forces-de-securite-pour-la-tenue-des-legislatives-apaisees","status":"publish","type":"post","link":"https:\/\/www.lintelligentdabidjan.info\/news\/daloa-le-prefet-interimaire-rend-hommage-aux-forces-de-securite-pour-la-tenue-des-legislatives-apaisees\/","title":{"rendered":"Daloa : Le pr\u00e9fet int\u00e9rimaire rend hommage aux forces de s\u00e9curit\u00e9\u00a0 pour la tenue des l\u00e9gislatives apais\u00e9es"},"content":{"rendered":"<p><strong>La premi\u00e8re c\u00e9r\u00e9monie de salut au drapeau de l\u2019ann\u00e9e 2026 s\u2019est tenue le lundi 12 janvier 2026 dans la cour de la pr\u00e9fecture de Daloa. Cette c\u00e9r\u00e9monie a marqu\u00e9 la premi\u00e8re prise de parole officielle de Gb\u00e9\u00ef K\u00e9po Emmanuel, r\u00e9cemment nomm\u00e9 pr\u00e9fet int\u00e9rimaire du d\u00e9partement.<\/strong><\/p>\n<p>\u00c0 cette occasion, l\u2019autorit\u00e9 pr\u00e9fectorale a rendu un hommage appuy\u00e9 \u00e0 plusieurs responsables des forces de d\u00e9fense et de s\u00e9curit\u00e9 r\u00e9cemment promus.<\/p>\n<p>Il s\u2019agit notamment de Yao Delora Cyrille Kouassi, promu colonel-major et commandant de la 2\u1d49 L\u00e9gion de gendarmerie territoriale, de Diouf Louis de Gonzac, pr\u00e9fet de Police de Daloa, \u00e9lev\u00e9 au grade de commissaire divisionnaire-major, ainsi que de Troukole Bi Giscard Stanislas, chef du District de police de Daloa, promu commissaire divisionnaire de police.<\/p>\n<p>S\u2019adressant aux r\u00e9cipiendaires, le pr\u00e9fet int\u00e9rimaire a salu\u00e9 leur m\u00e9rite et leur engagement au service de l\u2019\u00c9tat. \u00ab\u202fQue Dieu vous guide et vous assiste dans vos nouvelles responsabilit\u00e9s. Votre promotion est le fruit de votre d\u00e9vouement et de votre loyaut\u00e9 envers la R\u00e9publique\u202f\u00bb, a-t-il d\u00e9clar\u00e9.<\/p>\n<p>Gb\u00e9\u00ef K\u00e9po Emmanuel a \u00e9galement f\u00e9licit\u00e9 l\u2019ensemble des acteurs impliqu\u00e9s dans le bon d\u00e9roulement des \u00e9lections l\u00e9gislatives du 27 d\u00e9cembre 2025 dans le d\u00e9partement.<\/p>\n<p>Il a salu\u00e9 le professionnalisme des forces de s\u00e9curit\u00e9, le travail de la Commission \u00e9lectorale ind\u00e9pendante (CEI), ainsi que la maturit\u00e9 des acteurs politiques, des chefs communautaires et des populations, ayant contribu\u00e9 \u00e0 un scrutin pacifique et transparent.<\/p>\n<p>Le pr\u00e9fet int\u00e9rimaire a, par ailleurs, relay\u00e9 les messages de satisfaction du Pr\u00e9sident de la R\u00e9publique, Alassane Ouattara, tout en rappelant les priorit\u00e9s nationales pour l\u2019ann\u00e9e 2026, notamment la consolidation de la paix, le renforcement de la coh\u00e9sion sociale et la solidarit\u00e9 envers les populations vuln\u00e9rables.<\/p>\n<p>Enfin, il a rendu un hommage solennel \u00e0 Kouam\u00e9 Koffi, pr\u00e9fet de r\u00e9gion admis \u00e0 la retraite le 31 d\u00e9cembre 2025, saluant son parcours exemplaire et son apport au d\u00e9veloppement du d\u00e9partement de Daloa.<\/p>\n<p><strong>Beker Yao\u00a0<\/strong><\/p>\n<p>&nbsp;<\/p>\n<p>&nbsp;<\/p>\n","protected":false},"excerpt":{"rendered":"<p>La premi\u00e8re c\u00e9r\u00e9monie de salut au drapeau de l\u2019ann\u00e9e 2026 s\u2019est tenue le lundi 12 janvier 2026 dans la cour de la pr\u00e9fecture de Daloa. Cette c\u00e9r\u00e9monie a marqu\u00e9 la premi\u00e8re prise de parole officielle de Gb\u00e9\u00ef K\u00e9po Emmanuel, r\u00e9cemment nomm\u00e9 pr\u00e9fet int\u00e9rimaire du d\u00e9partement. \u00c0 cette occasion, l\u2019autorit\u00e9 pr\u00e9fectorale a rendu un hommage appuy\u00e9 [&hellip;]<\/p>\n","protected":false},"author":4,"featured_media":41955,"comment_status":"closed","ping_status":"closed","sticky":false,"template":"","format":"standard","meta":{"_monsterinsights_skip_tracking":false,"_monsterinsights_sitenote_active":false,"_monsterinsights_sitenote_note":"","_monsterinsights_sitenote_category":0,"footnotes":""},"categories":[2,3],"tags":[105,6879,6878,715,6877],"class_list":["post-41954","post","type-post","status-publish","format-standard","has-post-thumbnail","hentry","category-featured","category-societe","tag-daloa","tag-des-legislatives","tag-forces-de-securite","tag-hommage","tag-le-prefet-interimaire"],"_links":{"self":[{"href":"https:\/\/www.lintelligentdabidjan.info\/news\/wp-json\/wp\/v2\/posts\/41954","targetHints":{"allow":["GET"]}}],"collection":[{"href":"https:\/\/www.lintelligentdabidjan.info\/news\/wp-json\/wp\/v2\/posts"}],"about":[{"href":"https:\/\/www.lintelligentdabidjan.info\/news\/wp-json\/wp\/v2\/types\/post"}],"author":[{"embeddable":true,"href":"https:\/\/www.lintelligentdabidjan.info\/news\/wp-json\/wp\/v2\/users\/4"}],"replies":[{"embeddable":true,"href":"https:\/\/www.lintelligentdabidjan.info\/news\/wp-json\/wp\/v2\/comments?post=41954"}],"version-history":[{"count":1,"href":"https:\/\/www.lintelligentdabidjan.info\/news\/wp-json\/wp\/v2\/posts\/41954\/revisions"}],"predecessor-version":[{"id":41956,"href":"https:\/\/www.lintelligentdabidjan.info\/news\/wp-json\/wp\/v2\/posts\/41954\/revisions\/41956"}],"wp:featuredmedia":[{"embeddable":true,"href":"https:\/\/www.lintelligentdabidjan.info\/news\/wp-json\/wp\/v2\/media\/41955"}],"wp:attachment":[{"href":"https:\/\/www.lintelligentdabidjan.info\/news\/wp-json\/wp\/v2\/media?parent=41954"}],"wp:term":[{"taxonomy":"category","embeddable":true,"href":"https:\/\/www.lintelligentdabidjan.info\/news\/wp-json\/wp\/v2\/categories?post=41954"},{"taxonomy":"post_tag","embeddable":true,"href":"https:\/\/www.lintelligentdabidjan.info\/news\/wp-json\/wp\/v2\/tags?post=41954"}],"curies":[{"name":"wp","href":"https:\/\/api.w.org\/{rel}","templated":true}]}}