{"id":41962,"date":"2026-01-16T06:11:51","date_gmt":"2026-01-16T05:11:51","guid":{"rendered":"https:\/\/www.lintelligentdabidjan.info\/news\/?p=41962"},"modified":"2026-01-16T06:11:59","modified_gmt":"2026-01-16T05:11:59","slug":"lintelligent-en-pdf-presidence-de-lassemblee-nationale-exclusif-au-coeur-de-la-designation-de-patrick-achi","status":"publish","type":"post","link":"https:\/\/www.lintelligentdabidjan.info\/news\/lintelligent-en-pdf-presidence-de-lassemblee-nationale-exclusif-au-coeur-de-la-designation-de-patrick-achi\/","title":{"rendered":"\u00a0L\u2019Intelligent en PDF\u00a0:  Pr\u00e9sidence de l\u2019Assembl\u00e9e nationale  Exclusif : Au c\u0153ur de la d\u00e9signation de Patrick Achi\u00a0"},"content":{"rendered":"<p class=\"yiv6455076653ydpfc73ab87MsoNormal\"><strong>Patrick Achi a \u00e9t\u00e9 d\u00e9sign\u00e9 candidat du Rhdp\u00a0\u00a0\u00e0 la Pr\u00e9sidence de l\u2019Assembl\u00e9e nationale par le Pr\u00e9sident de la R\u00e9publique, par ailleurs Pr\u00e9sident du parti, Alassane Ouattara.<\/strong><\/p>\n<p class=\"yiv6455076653ydpfc73ab87MsoNormal\">Quelles ont \u00e9t\u00e9 les tractations ayant conduit \u00e0 cette d\u00e9signation ?<\/p>\n<p class=\"yiv6455076653ydpfc73ab87MsoNormal\">\u00a0Article \u00e0 d\u00e9couvrir dans vos kiosques et en ligne sur\u2026<\/p>\n<p><a href=\"https:\/\/news.abidjan.net\/titrologie\/39-lintelligent-dabidjan\/articles\" target=\"_blank\" rel=\"noopener\">https:\/\/news.abidjan.net\/titrologie\/39-lintelligent-dabidjan\/articles<\/a><\/p>\n<p class=\"yiv6455076653ydpfc73ab87MsoNormal\">\u00c0 lire aussi ce que pensent le\u00a0Fpi, le\u00a0Ppa-ci ,\u00a0le\u00a0Pdci et le\u00a0Rhdp\u00a0 des<\/p>\n<p class=\"yiv6455076653ydpfc73ab87MsoNormal\">municipales, r\u00e9gionales et s\u00e9natoriales en 2026 et non 2028\u00a0; la \u00a0rediffusion \u2013 Pdci-Rda<\/p>\n<p class=\"yiv6455076653ydpfc73ab87MsoNormal\">Devoir de m\u00e9moire : Antoine GAUZE\u00a0; Un message de Ouattara transmis\u00a0\u00e0 Trump et au peuple am\u00e9ricain\u00a0lors des \u00e9changes\u00a0\u00a0Ti\u00e9moko Meyliet Kon\u00e9-Jessica Davis Ba\u00a0; Remise par la Premi\u00e8re Dame d\u2019une ambulance m\u00e9dicalis\u00e9e \u00e0 la \u00a0Croix Rouge C\u00f4te d&#8217;Ivoire.<\/p>\n<p class=\"yiv6455076653ydpfc73ab87MsoNormal\">Cliquez pour les d\u00e9tails<\/p>\n<p><a href=\"https:\/\/www.afrikipresse.fr\/abonnement\" target=\"_blank\" rel=\"noopener\">https:\/\/www.afrikipresse.fr\/abonnement<\/a><\/p>\n<p class=\"yiv6455076653ydpfc73ab87MsoNormal\">\u00c0 voir \u00e9galement\u00a0\u00a0\u00a0aucune redevance en C\u00f4te\u00a0 d\u2019Ivoire\u00a0au niveau de la\u00a0transhumance des animaux<\/p>\n<p><a href=\"https:\/\/www.pressecotedivoire.fr\/titrologie\" target=\"_blank\" rel=\"noopener\">https:\/\/www.pressecotedivoire.fr\/titrologie<\/a><\/p>\n","protected":false},"excerpt":{"rendered":"<p>Patrick Achi a \u00e9t\u00e9 d\u00e9sign\u00e9 candidat du Rhdp\u00a0\u00a0\u00e0 la Pr\u00e9sidence de l\u2019Assembl\u00e9e nationale par le Pr\u00e9sident de la R\u00e9publique, par ailleurs Pr\u00e9sident du parti, Alassane Ouattara. Quelles ont \u00e9t\u00e9 les tractations ayant conduit \u00e0 cette d\u00e9signation ? \u00a0Article \u00e0 d\u00e9couvrir dans vos kiosques et en ligne sur\u2026 https:\/\/news.abidjan.net\/titrologie\/39-lintelligent-dabidjan\/articles \u00c0 lire aussi ce que pensent le\u00a0Fpi, [&hellip;]<\/p>\n","protected":false},"author":4,"featured_media":41963,"comment_status":"closed","ping_status":"closed","sticky":false,"template":"","format":"standard","meta":{"_monsterinsights_skip_tracking":false,"_monsterinsights_sitenote_active":false,"_monsterinsights_sitenote_note":"","_monsterinsights_sitenote_category":0,"footnotes":""},"categories":[2,3],"tags":[],"class_list":["post-41962","post","type-post","status-publish","format-standard","has-post-thumbnail","hentry","category-featured","category-societe"],"_links":{"self":[{"href":"https:\/\/www.lintelligentdabidjan.info\/news\/wp-json\/wp\/v2\/posts\/41962","targetHints":{"allow":["GET"]}}],"collection":[{"href":"https:\/\/www.lintelligentdabidjan.info\/news\/wp-json\/wp\/v2\/posts"}],"about":[{"href":"https:\/\/www.lintelligentdabidjan.info\/news\/wp-json\/wp\/v2\/types\/post"}],"author":[{"embeddable":true,"href":"https:\/\/www.lintelligentdabidjan.info\/news\/wp-json\/wp\/v2\/users\/4"}],"replies":[{"embeddable":true,"href":"https:\/\/www.lintelligentdabidjan.info\/news\/wp-json\/wp\/v2\/comments?post=41962"}],"version-history":[{"count":1,"href":"https:\/\/www.lintelligentdabidjan.info\/news\/wp-json\/wp\/v2\/posts\/41962\/revisions"}],"predecessor-version":[{"id":41964,"href":"https:\/\/www.lintelligentdabidjan.info\/news\/wp-json\/wp\/v2\/posts\/41962\/revisions\/41964"}],"wp:featuredmedia":[{"embeddable":true,"href":"https:\/\/www.lintelligentdabidjan.info\/news\/wp-json\/wp\/v2\/media\/41963"}],"wp:attachment":[{"href":"https:\/\/www.lintelligentdabidjan.info\/news\/wp-json\/wp\/v2\/media?parent=41962"}],"wp:term":[{"taxonomy":"category","embeddable":true,"href":"https:\/\/www.lintelligentdabidjan.info\/news\/wp-json\/wp\/v2\/categories?post=41962"},{"taxonomy":"post_tag","embeddable":true,"href":"https:\/\/www.lintelligentdabidjan.info\/news\/wp-json\/wp\/v2\/tags?post=41962"}],"curies":[{"name":"wp","href":"https:\/\/api.w.org\/{rel}","templated":true}]}}