{"id":41974,"date":"2026-01-16T20:32:15","date_gmt":"2026-01-16T19:32:15","guid":{"rendered":"https:\/\/www.lintelligentdabidjan.info\/news\/?p=41974"},"modified":"2026-01-16T20:32:19","modified_gmt":"2026-01-16T19:32:19","slug":"can-feminine-maroc-2026la-cote-divoire-avec-lafrique-du-sud-le-burkina-faso-et-la-tanzanie","status":"publish","type":"post","link":"https:\/\/www.lintelligentdabidjan.info\/news\/can-feminine-maroc-2026la-cote-divoire-avec-lafrique-du-sud-le-burkina-faso-et-la-tanzanie\/","title":{"rendered":"CAN F\u00e9minine Maroc 2026:La C\u00f4te d\u2019Ivoire avec l\u2019Afrique du Sud, le Burkina Faso et la Tanzanie"},"content":{"rendered":"<p><strong>La C\u00f4te d\u2019Ivoire conna\u00eet d\u00e9sormais ses adversaires pour la Coupe d\u2019Afrique des Nations f\u00e9minine 2026, pr\u00e9vue du 17 mars au 3 avril 2026 au Maroc. \u00c0 l\u2019issue du tirage au sort effectu\u00e9 le jeudi 15 janvier 2026 \u00e0 Rabat, les \u00c9l\u00e9phantes ont \u00e9t\u00e9 vers\u00e9es dans le groupe B, aux c\u00f4t\u00e9s de l\u2019Afrique du Sud, du Burkina Faso et de la Tanzanie.<\/strong><\/p>\n<p>La c\u00e9r\u00e9monie s\u2019est d\u00e9roul\u00e9e en pr\u00e9sence du pr\u00e9sident de la F\u00e9d\u00e9ration ivoirienne de football (FIF), Yacine Idriss Diallo, et du s\u00e9lectionneur national, Reynald Pedro. Ce groupe B s\u2019annonce disput\u00e9, avec des s\u00e9lections aux profils contrast\u00e9s et \u00e0 l\u2019exp\u00e9rience vari\u00e9e sur la sc\u00e8ne continentale.<\/p>\n<p>\u00ab\u202fNous connaissons bien l\u2019Afrique du Sud, un peu moins la Tanzanie et le Burkina Faso. Nous allons les \u00e9tudier et travailler. Mais nous allons surtout nous occuper de nous\u202f\u00bb, a d\u00e9clar\u00e9 Reynald Pedro.<\/p>\n<p>L\u2019objectif de la s\u00e9lection ivoirienne est de franchir la phase de groupes.<\/p>\n<p>\u00ab\u202fIl faut y aller par \u00e9tapes. L\u2019objectif est de sortir de la phase de poules. Ensuite, jouer le quart de finale, qui est une autre comp\u00e9tition qui commence\u202f\u00bb, a-t-il pr\u00e9cis\u00e9.<\/p>\n<p>Dans cette optique, le staff technique pr\u00e9voit une pr\u00e9paration structur\u00e9e, marqu\u00e9e par l\u2019organisation de plusieurs matchs amicaux.<\/p>\n<p>Ces rencontres permettront de renforcer la coh\u00e9sion du groupe, d\u2019ajuster les choix tactiques et d\u2019aborder la comp\u00e9tition dans des conditions optimales.<\/p>\n<p><strong>Ange Kouadio, Casablanca<\/strong><\/p>\n<p>&nbsp;<\/p>\n<p>&nbsp;<\/p>\n","protected":false},"excerpt":{"rendered":"<p>La C\u00f4te d\u2019Ivoire conna\u00eet d\u00e9sormais ses adversaires pour la Coupe d\u2019Afrique des Nations f\u00e9minine 2026, pr\u00e9vue du 17 mars au 3 avril 2026 au Maroc. \u00c0 l\u2019issue du tirage au sort effectu\u00e9 le jeudi 15 janvier 2026 \u00e0 Rabat, les \u00c9l\u00e9phantes ont \u00e9t\u00e9 vers\u00e9es dans le groupe B, aux c\u00f4t\u00e9s de l\u2019Afrique du Sud, du [&hellip;]<\/p>\n","protected":false},"author":4,"featured_media":41975,"comment_status":"closed","ping_status":"closed","sticky":false,"template":"","format":"standard","meta":{"_monsterinsights_skip_tracking":false,"_monsterinsights_sitenote_active":false,"_monsterinsights_sitenote_note":"","_monsterinsights_sitenote_category":0,"footnotes":""},"categories":[2,23],"tags":[6884,5695,5380,6821,6885],"class_list":["post-41974","post","type-post","status-publish","format-standard","has-post-thumbnail","hentry","category-featured","category-sport","tag-can-feminine-maroc-2026","tag-lafrique-du-sud","tag-la-cote-divoire","tag-le-burkina-faso","tag-tanzanie"],"_links":{"self":[{"href":"https:\/\/www.lintelligentdabidjan.info\/news\/wp-json\/wp\/v2\/posts\/41974","targetHints":{"allow":["GET"]}}],"collection":[{"href":"https:\/\/www.lintelligentdabidjan.info\/news\/wp-json\/wp\/v2\/posts"}],"about":[{"href":"https:\/\/www.lintelligentdabidjan.info\/news\/wp-json\/wp\/v2\/types\/post"}],"author":[{"embeddable":true,"href":"https:\/\/www.lintelligentdabidjan.info\/news\/wp-json\/wp\/v2\/users\/4"}],"replies":[{"embeddable":true,"href":"https:\/\/www.lintelligentdabidjan.info\/news\/wp-json\/wp\/v2\/comments?post=41974"}],"version-history":[{"count":1,"href":"https:\/\/www.lintelligentdabidjan.info\/news\/wp-json\/wp\/v2\/posts\/41974\/revisions"}],"predecessor-version":[{"id":41976,"href":"https:\/\/www.lintelligentdabidjan.info\/news\/wp-json\/wp\/v2\/posts\/41974\/revisions\/41976"}],"wp:featuredmedia":[{"embeddable":true,"href":"https:\/\/www.lintelligentdabidjan.info\/news\/wp-json\/wp\/v2\/media\/41975"}],"wp:attachment":[{"href":"https:\/\/www.lintelligentdabidjan.info\/news\/wp-json\/wp\/v2\/media?parent=41974"}],"wp:term":[{"taxonomy":"category","embeddable":true,"href":"https:\/\/www.lintelligentdabidjan.info\/news\/wp-json\/wp\/v2\/categories?post=41974"},{"taxonomy":"post_tag","embeddable":true,"href":"https:\/\/www.lintelligentdabidjan.info\/news\/wp-json\/wp\/v2\/tags?post=41974"}],"curies":[{"name":"wp","href":"https:\/\/api.w.org\/{rel}","templated":true}]}}