{"id":41980,"date":"2026-01-16T20:38:20","date_gmt":"2026-01-16T19:38:20","guid":{"rendered":"https:\/\/www.lintelligentdabidjan.info\/news\/?p=41980"},"modified":"2026-01-16T20:38:44","modified_gmt":"2026-01-16T19:38:44","slug":"promotion-des-metiers-de-la-fiscalite-un-programme-lance-a-abidjan-pour-accompagner-15-jeunes-talents-a-lemploi","status":"publish","type":"post","link":"https:\/\/www.lintelligentdabidjan.info\/news\/promotion-des-metiers-de-la-fiscalite-un-programme-lance-a-abidjan-pour-accompagner-15-jeunes-talents-a-lemploi\/","title":{"rendered":"Promotion des m\u00e9tiers de la fiscalit\u00e9 :  Un programme lanc\u00e9 \u00e0 Abidjan pour accompagner 15 jeunes talents \u00e0 l\u2019emploi"},"content":{"rendered":"<p><strong>Un programme de formation et d\u2019insertion professionnelle destin\u00e9 \u00e0 15 jeunes talents en fiscalit\u00e9 a \u00e9t\u00e9 officiellement lanc\u00e9 le jeudi 15 janvier 2026 \u00e0 Abidjan. D\u00e9nomm\u00e9e Programme jeunes talents en fiscalit\u00e9 (PJTAF), l\u2019initiative a \u00e9t\u00e9 pr\u00e9sent\u00e9e lors d\u2019une c\u00e9r\u00e9monie organis\u00e9e au si\u00e8ge de la Fondation Benianh internationale, \u00e0 la Riviera Bonoumin (Cocody).<\/strong><\/p>\n<p>Port\u00e9 par le cabinet de conseil juridique Top Tax, le programme vise \u00e0 renforcer l\u2019employabilit\u00e9 de jeunes dipl\u00f4m\u00e9s en leur apportant des comp\u00e9tences pratiques adapt\u00e9es aux exigences du march\u00e9 du travail. Il s\u2019\u00e9tendra d\u2019avril 2026 \u00e0 juin 2027, sur une dur\u00e9e totale de 15 mois.<\/p>\n<p>Selon les organisateurs, les b\u00e9n\u00e9ficiaires seront s\u00e9lectionn\u00e9s sur la base de crit\u00e8res acad\u00e9miques et professionnels pr\u00e9cis. Les candidats doivent \u00eatre titulaires d\u2019un Master 2 en droit de la fiscalit\u00e9 ou en fiscalit\u00e9, obtenu en C\u00f4te d\u2019Ivoire ou \u00e0 l\u2019\u00e9tranger. Les dossiers de candidature devront notamment comprendre un r\u00e9sum\u00e9 du projet de soutenance de Master 2 ainsi que les relev\u00e9s de notes, afin d\u2019\u00e9valuer la qualit\u00e9 du parcours acad\u00e9mique. Chaque postulant fera \u00e9galement l\u2019objet d\u2019un audit.<\/p>\n<p>Les d\u00e9p\u00f4ts de candidatures d\u00e9buteront le lundi 19 janvier 2026 et seront ouverts \u00e0 tous les dipl\u00f4m\u00e9s remplissant les conditions requises, quelle que soit leur institution de formation.<\/p>\n<p>La mise en \u0153uvre du PJTAF pr\u00e9voit trois mois d\u2019incubation, ax\u00e9s sur la formation \u00e0 la pratique professionnelle en entreprise, au sein de cabinets et de structures partenaires. Cette phase sera suivie d\u2019une p\u00e9riode d\u2019apprentissage, puis d\u2019un accompagnement vers l\u2019insertion professionnelle.<\/p>\n<p>Pour Paul Koffi Goli, fondateur de Top Tax, le programme r\u00e9pond \u00e0 un besoin concret du secteur. \u00ab Le PJTAF est une forme de professionnalisation de la formation et de renforcement de l\u2019employabilit\u00e9 des dipl\u00f4m\u00e9s dans la fili\u00e8re fiscalit\u00e9 et droit des affaires. Les entreprises recherchent des comp\u00e9tences imm\u00e9diatement exploitables, alors que les jeunes dipl\u00f4m\u00e9s manquent souvent d\u2019exp\u00e9rience. Ce programme vise \u00e0 combler ce manque \u00bb, a-t-il expliqu\u00e9.<\/p>\n<p>\u00c0 travers cette initiative, les promoteurs entendent contribuer \u00e0 une meilleure ad\u00e9quation entre formation acad\u00e9mique et exigences du monde professionnel, dans un domaine pr\u00e9sent\u00e9 comme un outil central de politique \u00e9conomique et de gestion sociale.<\/p>\n<p>&nbsp;<\/p>\n<p><strong>Jean-Hubert Koffo<\/strong><\/p>\n<p>&nbsp;<\/p>\n<p>&nbsp;<\/p>\n","protected":false},"excerpt":{"rendered":"<p>Un programme de formation et d\u2019insertion professionnelle destin\u00e9 \u00e0 15 jeunes talents en fiscalit\u00e9 a \u00e9t\u00e9 officiellement lanc\u00e9 le jeudi 15 janvier 2026 \u00e0 Abidjan. D\u00e9nomm\u00e9e Programme jeunes talents en fiscalit\u00e9 (PJTAF), l\u2019initiative a \u00e9t\u00e9 pr\u00e9sent\u00e9e lors d\u2019une c\u00e9r\u00e9monie organis\u00e9e au si\u00e8ge de la Fondation Benianh internationale, \u00e0 la Riviera Bonoumin (Cocody). Port\u00e9 par le [&hellip;]<\/p>\n","protected":false},"author":4,"featured_media":41981,"comment_status":"closed","ping_status":"closed","sticky":false,"template":"","format":"standard","meta":{"_monsterinsights_skip_tracking":false,"_monsterinsights_sitenote_active":false,"_monsterinsights_sitenote_note":"","_monsterinsights_sitenote_category":0,"footnotes":""},"categories":[2,3],"tags":[200,6890,6891,6889,2918,6888],"class_list":["post-41980","post","type-post","status-publish","format-standard","has-post-thumbnail","hentry","category-featured","category-societe","tag-abidjan","tag-jeunes-talents","tag-lemploi","tag-la-fiscalite","tag-programme","tag-promotion-des-metiers"],"_links":{"self":[{"href":"https:\/\/www.lintelligentdabidjan.info\/news\/wp-json\/wp\/v2\/posts\/41980","targetHints":{"allow":["GET"]}}],"collection":[{"href":"https:\/\/www.lintelligentdabidjan.info\/news\/wp-json\/wp\/v2\/posts"}],"about":[{"href":"https:\/\/www.lintelligentdabidjan.info\/news\/wp-json\/wp\/v2\/types\/post"}],"author":[{"embeddable":true,"href":"https:\/\/www.lintelligentdabidjan.info\/news\/wp-json\/wp\/v2\/users\/4"}],"replies":[{"embeddable":true,"href":"https:\/\/www.lintelligentdabidjan.info\/news\/wp-json\/wp\/v2\/comments?post=41980"}],"version-history":[{"count":1,"href":"https:\/\/www.lintelligentdabidjan.info\/news\/wp-json\/wp\/v2\/posts\/41980\/revisions"}],"predecessor-version":[{"id":41982,"href":"https:\/\/www.lintelligentdabidjan.info\/news\/wp-json\/wp\/v2\/posts\/41980\/revisions\/41982"}],"wp:featuredmedia":[{"embeddable":true,"href":"https:\/\/www.lintelligentdabidjan.info\/news\/wp-json\/wp\/v2\/media\/41981"}],"wp:attachment":[{"href":"https:\/\/www.lintelligentdabidjan.info\/news\/wp-json\/wp\/v2\/media?parent=41980"}],"wp:term":[{"taxonomy":"category","embeddable":true,"href":"https:\/\/www.lintelligentdabidjan.info\/news\/wp-json\/wp\/v2\/categories?post=41980"},{"taxonomy":"post_tag","embeddable":true,"href":"https:\/\/www.lintelligentdabidjan.info\/news\/wp-json\/wp\/v2\/tags?post=41980"}],"curies":[{"name":"wp","href":"https:\/\/api.w.org\/{rel}","templated":true}]}}