{"id":41992,"date":"2026-01-19T06:21:16","date_gmt":"2026-01-19T05:21:16","guid":{"rendered":"https:\/\/www.lintelligentdabidjan.info\/news\/?p=41992"},"modified":"2026-01-19T06:21:30","modified_gmt":"2026-01-19T05:21:30","slug":"assemblee-nationale-seance-inaugurale-pourquoi-augustin-thiam-etait-absent-de-lhemicycle-samedi","status":"publish","type":"post","link":"https:\/\/www.lintelligentdabidjan.info\/news\/assemblee-nationale-seance-inaugurale-pourquoi-augustin-thiam-etait-absent-de-lhemicycle-samedi\/","title":{"rendered":"Assembl\u00e9e nationale : s\u00e9ance inaugurale  Pourquoi Augustin Thiam \u00e9tait absent de l\u2019h\u00e9micycle samedi"},"content":{"rendered":"<p><strong>La s\u00e9ance inaugurale de la troisi\u00e8me l\u00e9gislature de la Troisi\u00e8me R\u00e9publique s\u2019est tenue le samedi 17 janvier 2026 \u00e0 l\u2019Assembl\u00e9e nationale de C\u00f4te d\u2019Ivoire. Cette premi\u00e8re session parlementaire a \u00e9t\u00e9 marqu\u00e9e par l\u2019\u00e9lection de l\u2019ancien Premier ministre Patrick Achi \u00e0 la pr\u00e9sidence de l\u2019institution.<\/strong><\/p>\n<p>Cependant, un fait a particuli\u00e8rement retenu l\u2019attention de plusieurs d\u00e9put\u00e9s, d\u2019invit\u00e9s et de nombreux t\u00e9l\u00e9spectateurs ayant suivi la c\u00e9r\u00e9monie en direct sur la cha\u00eene nationale : l\u2019absence du ministre, gouverneur du district autonome de Yamoussoukro et d\u00e9put\u00e9 \u00e9lu RHDP de Yamoussoukro-Commune, Augustin Thiam.<\/p>\n<p>Cette absence, loin d\u2019\u00eatre fortuite, s\u2019explique par une position constante que l\u2019int\u00e9ress\u00e9 a d\u00e9fendue bien avant et durant la campagne \u00e9lectorale. \u00c0 plusieurs reprises, lors de meetings et \u00e0 travers les r\u00e9seaux sociaux, Augustin Thiam a r\u00e9pondu aux critiques de ses d\u00e9tracteurs, qui jugeaient incompatible sa qualit\u00e9 de chef traditionnel avec un engagement politique.<\/p>\n<p>\u00ab En tant que chef traditionnel, je me dois de respecter les lois de la R\u00e9publique. La l\u00e9gislation ivoirienne ne permet pas le cumul entre la fonction de chef et un mandat \u00e9lectif. J\u2019ai donc choisi de pr\u00e9server mon tr\u00f4ne et de confier la repr\u00e9sentation parlementaire \u00e0 ma suppl\u00e9ante \u00bb, avait-il rappel\u00e9 le samedi 10 janvier 2026 \u00e0 l\u2019espace M\u00f4-Faitai de Yamoussoukro, en marge du quart de finale de la CAN opposant la C\u00f4te d\u2019Ivoire \u00e0 l\u2019\u00c9gypte.<\/p>\n<p>Fid\u00e8le \u00e0 cet engagement, Augustin Thiam ne s\u2019est pas rendu \u00e0 l\u2019h\u00e9micycle lors de la s\u00e9ance inaugurale. Sa suppl\u00e9ante, Diby Affou\u00e9 Th\u00e9r\u00e8se, a si\u00e9g\u00e9 et pris part au vote du nouveau pr\u00e9sident de l\u2019Assembl\u00e9e nationale, une pr\u00e9sence remarqu\u00e9e par de nombreux observateurs.<\/p>\n<p>Rappelons que le ministre, gouverneur Augustin Thiam a contribu\u00e9 \u00e0 la victoire du RHDP \u00e0 Yamoussoukro, locale historique.<\/p>\n<p><strong>Harry Diallo, depuis Yamoussoukro\u00a0<\/strong><\/p>\n<p>&nbsp;<\/p>\n<p>&nbsp;<\/p>\n<p>&nbsp;<\/p>\n","protected":false},"excerpt":{"rendered":"<p>La s\u00e9ance inaugurale de la troisi\u00e8me l\u00e9gislature de la Troisi\u00e8me R\u00e9publique s\u2019est tenue le samedi 17 janvier 2026 \u00e0 l\u2019Assembl\u00e9e nationale de C\u00f4te d\u2019Ivoire. Cette premi\u00e8re session parlementaire a \u00e9t\u00e9 marqu\u00e9e par l\u2019\u00e9lection de l\u2019ancien Premier ministre Patrick Achi \u00e0 la pr\u00e9sidence de l\u2019institution. Cependant, un fait a particuli\u00e8rement retenu l\u2019attention de plusieurs d\u00e9put\u00e9s, d\u2019invit\u00e9s [&hellip;]<\/p>\n","protected":false},"author":4,"featured_media":41993,"comment_status":"closed","ping_status":"closed","sticky":false,"template":"","format":"standard","meta":{"footnotes":""},"categories":[2,17],"tags":[76,97,6899,6898],"class_list":["post-41992","post","type-post","status-publish","format-standard","has-post-thumbnail","hentry","category-featured","category-politique","tag-assemblee-nationale","tag-augustin-thiam","tag-lhemicycle","tag-seance-inaugurale"],"_links":{"self":[{"href":"https:\/\/www.lintelligentdabidjan.info\/news\/wp-json\/wp\/v2\/posts\/41992","targetHints":{"allow":["GET"]}}],"collection":[{"href":"https:\/\/www.lintelligentdabidjan.info\/news\/wp-json\/wp\/v2\/posts"}],"about":[{"href":"https:\/\/www.lintelligentdabidjan.info\/news\/wp-json\/wp\/v2\/types\/post"}],"author":[{"embeddable":true,"href":"https:\/\/www.lintelligentdabidjan.info\/news\/wp-json\/wp\/v2\/users\/4"}],"replies":[{"embeddable":true,"href":"https:\/\/www.lintelligentdabidjan.info\/news\/wp-json\/wp\/v2\/comments?post=41992"}],"version-history":[{"count":1,"href":"https:\/\/www.lintelligentdabidjan.info\/news\/wp-json\/wp\/v2\/posts\/41992\/revisions"}],"predecessor-version":[{"id":41994,"href":"https:\/\/www.lintelligentdabidjan.info\/news\/wp-json\/wp\/v2\/posts\/41992\/revisions\/41994"}],"wp:featuredmedia":[{"embeddable":true,"href":"https:\/\/www.lintelligentdabidjan.info\/news\/wp-json\/wp\/v2\/media\/41993"}],"wp:attachment":[{"href":"https:\/\/www.lintelligentdabidjan.info\/news\/wp-json\/wp\/v2\/media?parent=41992"}],"wp:term":[{"taxonomy":"category","embeddable":true,"href":"https:\/\/www.lintelligentdabidjan.info\/news\/wp-json\/wp\/v2\/categories?post=41992"},{"taxonomy":"post_tag","embeddable":true,"href":"https:\/\/www.lintelligentdabidjan.info\/news\/wp-json\/wp\/v2\/tags?post=41992"}],"curies":[{"name":"wp","href":"https:\/\/api.w.org\/{rel}","templated":true}]}}