{"id":42036,"date":"2026-01-21T16:31:23","date_gmt":"2026-01-21T15:31:23","guid":{"rendered":"https:\/\/www.lintelligentdabidjan.info\/news\/?p=42036"},"modified":"2026-01-22T06:15:33","modified_gmt":"2026-01-22T05:15:33","slug":"comment-lintelligent-avait-revele-le-maintien-de-mambe-12-jours-avant-ou-la-phrase-premonitoire-de-ouattara","status":"publish","type":"post","link":"https:\/\/www.lintelligentdabidjan.info\/news\/comment-lintelligent-avait-revele-le-maintien-de-mambe-12-jours-avant-ou-la-phrase-premonitoire-de-ouattara\/","title":{"rendered":"Comment L&#8217;Intelligent avait r\u00e9v\u00e9l\u00e9 le maintien de Mamb\u00e9 12 jours avant ou la phrase pr\u00e9monitoire de Ouattara"},"content":{"rendered":"<p><strong>Les informations de coulisses deviennent r\u00e9alit\u00e9. Alors que le Pr\u00e9sident Alassane Ouattara vient d&#8217;acter ce mercredi 21 janvier 2026 la reconduction de Robert Beugr\u00e9 Mamb\u00e9 \u00e0 la Primature, une information exclusive avait r\u00e9v\u00e9l\u00e9 que cette d\u00e9cision \u00e9tait d\u00e9j\u00e0 \u00e9crite dans les couloirs du pouvoir.<\/strong><\/p>\n<p><img loading=\"lazy\" decoding=\"async\" class=\"alignnone size-medium wp-image-42046\" src=\"https:\/\/www.lintelligentdabidjan.info\/news\/wp-content\/uploads\/2026\/01\/thumbnail-_3_-223x300.jpg\" alt=\"\" width=\"223\" height=\"300\" srcset=\"https:\/\/www.lintelligentdabidjan.info\/news\/wp-content\/uploads\/2026\/01\/thumbnail-_3_-223x300.jpg 223w, https:\/\/www.lintelligentdabidjan.info\/news\/wp-content\/uploads\/2026\/01\/thumbnail-_3_-761x1024.jpg 761w, https:\/\/www.lintelligentdabidjan.info\/news\/wp-content\/uploads\/2026\/01\/thumbnail-_3_-768x1033.jpg 768w, https:\/\/www.lintelligentdabidjan.info\/news\/wp-content\/uploads\/2026\/01\/thumbnail-_3_-696x936.jpg 696w, https:\/\/www.lintelligentdabidjan.info\/news\/wp-content\/uploads\/2026\/01\/thumbnail-_3_-1068x1437.jpg 1068w, https:\/\/www.lintelligentdabidjan.info\/news\/wp-content\/uploads\/2026\/01\/thumbnail-_3_-312x420.jpg 312w, https:\/\/www.lintelligentdabidjan.info\/news\/wp-content\/uploads\/2026\/01\/thumbnail-_3_.jpg 1080w\" sizes=\"auto, (max-width: 223px) 100vw, 223px\" \/><\/p>\n<p>La sc\u00e8ne se tenait lors du Conseil des ministres du 7 janvier 2026. Le Pr\u00e9sident Alassane Ouattara, \u00e9voquant l\u2019apr\u00e8s-d\u00e9mission du gouvernement, lan\u00e7ait une m\u00e9taphore lourde de sens : \u00ab On ne change pas un pilote en plein vol. \u00bb Douze jours avant l&#8217;annonce officielle du 19 janvier 2026, ce propos laissait peu de doute sur le maintien du Premier ministre sortant. Notre article du 9 janvier 2026 \u00e0 relire ci-dessous.<\/p>\n<p>&nbsp;<\/p>\n<p><strong>Vice-pr\u00e9sidence et Primature &#8211; Secrets au c\u0153ur de l\u2019\u00c9tat et autour du Pr\u00e9sident Ouattara<\/strong><\/p>\n<p><img loading=\"lazy\" decoding=\"async\" class=\"alignnone size-medium wp-image-42044\" src=\"https:\/\/www.lintelligentdabidjan.info\/news\/wp-content\/uploads\/2026\/01\/thumbnail-_2_-146x300.jpg\" alt=\"\" width=\"146\" height=\"300\" srcset=\"https:\/\/www.lintelligentdabidjan.info\/news\/wp-content\/uploads\/2026\/01\/thumbnail-_2_-146x300.jpg 146w, https:\/\/www.lintelligentdabidjan.info\/news\/wp-content\/uploads\/2026\/01\/thumbnail-_2_-498x1024.jpg 498w, https:\/\/www.lintelligentdabidjan.info\/news\/wp-content\/uploads\/2026\/01\/thumbnail-_2_-768x1579.jpg 768w, https:\/\/www.lintelligentdabidjan.info\/news\/wp-content\/uploads\/2026\/01\/thumbnail-_2_-747x1536.jpg 747w, https:\/\/www.lintelligentdabidjan.info\/news\/wp-content\/uploads\/2026\/01\/thumbnail-_2_-996x2048.jpg 996w, https:\/\/www.lintelligentdabidjan.info\/news\/wp-content\/uploads\/2026\/01\/thumbnail-_2_-696x1431.jpg 696w, https:\/\/www.lintelligentdabidjan.info\/news\/wp-content\/uploads\/2026\/01\/thumbnail-_2_-1068x2195.jpg 1068w, https:\/\/www.lintelligentdabidjan.info\/news\/wp-content\/uploads\/2026\/01\/thumbnail-_2_-204x420.jpg 204w, https:\/\/www.lintelligentdabidjan.info\/news\/wp-content\/uploads\/2026\/01\/thumbnail-_2_.jpg 1080w\" sizes=\"auto, (max-width: 146px) 100vw, 146px\" \/><\/p>\n<p>Dans la p\u00e9riode qui suit la d\u00e9mission du Premier ministre et du gouvernement, et en attendant la mise en place de la nouvelle Assembl\u00e9e nationale, la nomination d\u2019un nouveau chef de gouvernement ainsi que celle du prochain M\u00e9diateur de la R\u00e9publique, des confidences et des rumeurs circulent dans les couloirs du pouvoir.<\/p>\n<p><strong>Le vice-pr\u00e9sident maintenu dans ses fonctions<\/strong><\/p>\n<p>D\u2019apr\u00e8s des informations concordantes, le vice-pr\u00e9sident de la R\u00e9publique est parti pour conserver son poste. Le pr\u00e9sident de la R\u00e9publique a en effet laiss\u00e9 entendre que le vice-pr\u00e9sident, tout comme lui-m\u00eame, restait inamovible \u00ab jusqu\u2019\u00e0 nouvel ordre \u00bb, et ne sont pas concern\u00e9s par les d\u00e9missions ou les dissolutions.<\/p>\n<p><strong>\u00ab On ne change pas un pilote en plein vol \u00bb<\/strong><br \/>\nLors du Conseil des ministres du mercredi 7 janvier 2026, le chef de l\u2019\u00c9tat s\u2019est adress\u00e9 au Premier ministre en utilisant la m\u00e9taphore a\u00e9ronautique (\u00ab On ne change pas un pilote en plein vol \u00bb), tout en f\u00e9licitant les membres du gouvernement sortant pour le travail accompli. Cependant, ces remerciements ont \u00e9t\u00e9 accompagn\u00e9s d\u2019un avertissement.<\/p>\n<p><strong>Les ministres qui ont \u201cfinance\u201d des ind\u00e9pendants sur la sellette ?<\/strong><\/p>\n<p>Le pr\u00e9sident Alassane Ouattara a pr\u00e9venu que les ministres qui ont financ\u00e9 et soutenu des candidats ind\u00e9pendants ou indisciplin\u00e9s (des indisciplin\u00e9s qui sont pr\u00e8s de dix cent) quitteront le gouvernement.<\/p>\n<p>Selon nos informations, le chef de l\u2019\u00c9tat ne se base pas uniquement sur les rapports de la direction du parti ou des responsables locaux. Il dispose en effet de plusieurs autres sources et \u00e9l\u00e9ments d\u2019appr\u00e9ciation pour v\u00e9rifier l\u2019implication effective \u2013 ou non \u2013 des membres du gouvernement dans le financement de ces candidatures dissidentes.<\/p>\n<p>Certains de ces candidats ind\u00e9pendants soutenus en sous-main n\u2019\u00e9taient \u00ab pas du tout d\u00e9munis sur le terrain \u00bb, ce qui rendrait leur concurrence probl\u00e9matique pour les candidats officiels du parti.<\/p>\n<p>\u00c0 la suite des ministres, des pr\u00e9sidents d&#8217;institutions, ou des cadres non ministres qui ont agi de la m\u00eame mani\u00e8re \u00e0 l&#8217;\u00e9gard de ces candidats dissidents, sont \u00e9galement sur la sellette.<\/p>\n<p><strong>Charles Kouassi<\/strong><\/p>\n","protected":false},"excerpt":{"rendered":"<p>Les informations de coulisses deviennent r\u00e9alit\u00e9. Alors que le Pr\u00e9sident Alassane Ouattara vient d&#8217;acter ce mercredi 21 janvier 2026 la reconduction de Robert Beugr\u00e9 Mamb\u00e9 \u00e0 la Primature, une information exclusive avait r\u00e9v\u00e9l\u00e9 que cette d\u00e9cision \u00e9tait d\u00e9j\u00e0 \u00e9crite dans les couloirs du pouvoir. La sc\u00e8ne se tenait lors du Conseil des ministres du 7 [&hellip;]<\/p>\n","protected":false},"author":4,"featured_media":42038,"comment_status":"closed","ping_status":"closed","sticky":false,"template":"","format":"standard","meta":{"_monsterinsights_skip_tracking":false,"_monsterinsights_sitenote_active":false,"_monsterinsights_sitenote_note":"","_monsterinsights_sitenote_category":0,"footnotes":""},"categories":[2,17],"tags":[6915,6916,897,34],"class_list":["post-42036","post","type-post","status-publish","format-standard","has-post-thumbnail","hentry","category-featured","category-politique","tag-lintelligent","tag-la-phrase-premonitoire","tag-mambe","tag-ouattara"],"_links":{"self":[{"href":"https:\/\/www.lintelligentdabidjan.info\/news\/wp-json\/wp\/v2\/posts\/42036","targetHints":{"allow":["GET"]}}],"collection":[{"href":"https:\/\/www.lintelligentdabidjan.info\/news\/wp-json\/wp\/v2\/posts"}],"about":[{"href":"https:\/\/www.lintelligentdabidjan.info\/news\/wp-json\/wp\/v2\/types\/post"}],"author":[{"embeddable":true,"href":"https:\/\/www.lintelligentdabidjan.info\/news\/wp-json\/wp\/v2\/users\/4"}],"replies":[{"embeddable":true,"href":"https:\/\/www.lintelligentdabidjan.info\/news\/wp-json\/wp\/v2\/comments?post=42036"}],"version-history":[{"count":4,"href":"https:\/\/www.lintelligentdabidjan.info\/news\/wp-json\/wp\/v2\/posts\/42036\/revisions"}],"predecessor-version":[{"id":42047,"href":"https:\/\/www.lintelligentdabidjan.info\/news\/wp-json\/wp\/v2\/posts\/42036\/revisions\/42047"}],"wp:featuredmedia":[{"embeddable":true,"href":"https:\/\/www.lintelligentdabidjan.info\/news\/wp-json\/wp\/v2\/media\/42038"}],"wp:attachment":[{"href":"https:\/\/www.lintelligentdabidjan.info\/news\/wp-json\/wp\/v2\/media?parent=42036"}],"wp:term":[{"taxonomy":"category","embeddable":true,"href":"https:\/\/www.lintelligentdabidjan.info\/news\/wp-json\/wp\/v2\/categories?post=42036"},{"taxonomy":"post_tag","embeddable":true,"href":"https:\/\/www.lintelligentdabidjan.info\/news\/wp-json\/wp\/v2\/tags?post=42036"}],"curies":[{"name":"wp","href":"https:\/\/api.w.org\/{rel}","templated":true}]}}