{"id":42040,"date":"2026-01-21T19:20:25","date_gmt":"2026-01-21T18:20:25","guid":{"rendered":"https:\/\/www.lintelligentdabidjan.info\/news\/?p=42040"},"modified":"2026-01-21T19:20:31","modified_gmt":"2026-01-21T18:20:31","slug":"7%e1%b5%89-edition-de-la-jmca-2026-abidjan-au-coeur-de-la-culture-africaine-et-afrodescendante","status":"publish","type":"post","link":"https:\/\/www.lintelligentdabidjan.info\/news\/7%e1%b5%89-edition-de-la-jmca-2026-abidjan-au-coeur-de-la-culture-africaine-et-afrodescendante\/","title":{"rendered":"7\u1d49 \u00e9dition de la JMCA 2026 : Abidjan au c\u0153ur de la culture africaine et afrodescendante"},"content":{"rendered":"<p><strong>Le 24 janvier 2026, Abidjan accueillera la 7\u1d49 Journ\u00e9e mondiale de la culture africaine et afrodescendante.<\/strong><\/p>\n<p>La capitale \u00e9conomique ivoirienne abritera, le 24 janvier 2026, la 7\u1d49 \u00e9dition de la Journ\u00e9e Mondiale de la Culture Africaine et Afro-descendante (JMCA). L\u2019\u00e9v\u00e9nement se d\u00e9roulera \u00e0 l\u2019Ivoire Golf Club, \u00e0 partir de 15 heures, autour du th\u00e8me :<br \/>\n\u00ab La culture africaine, moteur de paix, d\u2019unit\u00e9 et de d\u00e9veloppement durable \u00bb.<\/p>\n<p>Plac\u00e9e sous le Haut Patronage du Premier ministre Robert Beugr\u00e9 Mamb\u00e9, Ministre des Sports et du Cadre de Vie, cette \u00e9dition b\u00e9n\u00e9ficie \u00e9galement du Patronage de Kandia Camara, Pr\u00e9sidente du S\u00e9nat, et du Parrainage d\u2019Ibrahima Bacongo Ciss\u00e9, Ministre et Gouverneur du District Autonome d\u2019Abidjan.<br \/>\nLa c\u00e9r\u00e9monie est organis\u00e9e sous la Pr\u00e9sidence de Fran\u00e7oise Remarck, Ministre de la Culture et de la Francophonie.<\/p>\n<p><strong>Une c\u00e9l\u00e9bration \u00e0 port\u00e9e internationale<\/strong><\/p>\n<p>Organis\u00e9e par le Comit\u00e9 JMCA C\u00f4te d\u2019Ivoire, la JMCA 2026 se tient avec le soutien de l\u2019UNESCO et de l\u2019Union Africaine, confirmant la dimension internationale de cette journ\u00e9e d\u00e9di\u00e9e \u00e0 la valorisation des cultures africaines et afro-descendantes.<\/p>\n<p>Le programme pr\u00e9voit des allocutions officielles, une communication th\u00e9matique, des prestations artistiques, une parade culturelle ainsi qu\u2019une caravane anim\u00e9e, illustrant la diversit\u00e9 et la vitalit\u00e9 des expressions culturelles africaines et de la diaspora.<\/p>\n<p><strong>La culture, levier de paix et de d\u00e9veloppement<\/strong><\/p>\n<p>Institu\u00e9e par l\u2019UNESCO en 2019, la JMCA vise \u00e0 c\u00e9l\u00e9brer la richesse des cultures africaines et leur contribution au patrimoine mondial. Elle met en lumi\u00e8re le r\u00f4le central de la culture dans la consolidation de la paix, le renforcement de l\u2019unit\u00e9 et la promotion d\u2019un d\u00e9veloppement durable inclusif.<\/p>\n<p><strong>Un rendez-vous de coh\u00e9sion et de dialogue<\/strong><\/p>\n<p>La JMCA 2026 r\u00e9unira des autorit\u00e9s institutionnelles, des repr\u00e9sentants d\u2019organisations internationales, des acteurs culturels, des intellectuels, des artistes et des organisations de la soci\u00e9t\u00e9 civile autour de panels, d\u2019expressions artistiques et de temps forts symboliques.<\/p>\n<p>\u00c0 travers cette c\u00e9l\u00e9bration, la C\u00f4te d\u2019Ivoire r\u00e9affirme sa volont\u00e9 de faire de la culture un levier strat\u00e9gique de coh\u00e9sion sociale, de dialogue interculturel et de rayonnement de l\u2019Afrique et de sa diaspora.<\/p>\n","protected":false},"excerpt":{"rendered":"<p>Le 24 janvier 2026, Abidjan accueillera la 7\u1d49 Journ\u00e9e mondiale de la culture africaine et afrodescendante. La capitale \u00e9conomique ivoirienne abritera, le 24 janvier 2026, la 7\u1d49 \u00e9dition de la Journ\u00e9e Mondiale de la Culture Africaine et Afro-descendante (JMCA). L\u2019\u00e9v\u00e9nement se d\u00e9roulera \u00e0 l\u2019Ivoire Golf Club, \u00e0 partir de 15 heures, autour du th\u00e8me : [&hellip;]<\/p>\n","protected":false},"author":4,"featured_media":42041,"comment_status":"closed","ping_status":"closed","sticky":false,"template":"","format":"standard","meta":{"_monsterinsights_skip_tracking":false,"_monsterinsights_sitenote_active":false,"_monsterinsights_sitenote_note":"","_monsterinsights_sitenote_category":0,"footnotes":""},"categories":[2,20],"tags":[6917,200,6918],"class_list":["post-42040","post","type-post","status-publish","format-standard","has-post-thumbnail","hentry","category-featured","category-art-et-culture","tag-7-edition-de-la-jmca-2026","tag-abidjan","tag-la-culture-africaine-et-afrodescendante"],"_links":{"self":[{"href":"https:\/\/www.lintelligentdabidjan.info\/news\/wp-json\/wp\/v2\/posts\/42040","targetHints":{"allow":["GET"]}}],"collection":[{"href":"https:\/\/www.lintelligentdabidjan.info\/news\/wp-json\/wp\/v2\/posts"}],"about":[{"href":"https:\/\/www.lintelligentdabidjan.info\/news\/wp-json\/wp\/v2\/types\/post"}],"author":[{"embeddable":true,"href":"https:\/\/www.lintelligentdabidjan.info\/news\/wp-json\/wp\/v2\/users\/4"}],"replies":[{"embeddable":true,"href":"https:\/\/www.lintelligentdabidjan.info\/news\/wp-json\/wp\/v2\/comments?post=42040"}],"version-history":[{"count":1,"href":"https:\/\/www.lintelligentdabidjan.info\/news\/wp-json\/wp\/v2\/posts\/42040\/revisions"}],"predecessor-version":[{"id":42042,"href":"https:\/\/www.lintelligentdabidjan.info\/news\/wp-json\/wp\/v2\/posts\/42040\/revisions\/42042"}],"wp:featuredmedia":[{"embeddable":true,"href":"https:\/\/www.lintelligentdabidjan.info\/news\/wp-json\/wp\/v2\/media\/42041"}],"wp:attachment":[{"href":"https:\/\/www.lintelligentdabidjan.info\/news\/wp-json\/wp\/v2\/media?parent=42040"}],"wp:term":[{"taxonomy":"category","embeddable":true,"href":"https:\/\/www.lintelligentdabidjan.info\/news\/wp-json\/wp\/v2\/categories?post=42040"},{"taxonomy":"post_tag","embeddable":true,"href":"https:\/\/www.lintelligentdabidjan.info\/news\/wp-json\/wp\/v2\/tags?post=42040"}],"curies":[{"name":"wp","href":"https:\/\/api.w.org\/{rel}","templated":true}]}}