{"id":42048,"date":"2026-01-22T06:18:25","date_gmt":"2026-01-22T05:18:25","guid":{"rendered":"https:\/\/www.lintelligentdabidjan.info\/news\/?p=42048"},"modified":"2026-01-22T06:18:59","modified_gmt":"2026-01-22T05:18:59","slug":"cycle-menstruel-lisrael-et-long-femme-en-action-et-la-communaute-juive-soutiennent-les-jeunes-filles","status":"publish","type":"post","link":"https:\/\/www.lintelligentdabidjan.info\/news\/cycle-menstruel-lisrael-et-long-femme-en-action-et-la-communaute-juive-soutiennent-les-jeunes-filles\/","title":{"rendered":"Cycle menstruel:   L\u2019Isra\u00ebl et l\u2019ONG \u2018\u2019Femme en Action et la communaut\u00e9 juive\u2019\u2019 soutiennent les jeunes filles"},"content":{"rendered":"<p><strong>L\u2019Institut de formation et d\u2019\u00e9ducation f\u00e9minine (IFEF), situ\u00e9 \u00e0 Abobo Sogephia, a accueilli, le mardi 20 janvier 2026, une c\u00e9r\u00e9monie de remise de kits d\u2019hygi\u00e8ne menstruelle au profit de plus de 200 jeunes filles. Cette initiative est port\u00e9e par l\u2019Ambassade d\u2019Isra\u00ebl, l\u2019ONG Femme en Action et la communaut\u00e9 juive, dans le cadre de la lutte contre la pr\u00e9carit\u00e9 menstruelle.<\/strong><\/p>\n<p>Repr\u00e9sentant l\u2019Ambassade d\u2019Isra\u00ebl, Mme Olga Nkweti Seroussi, attach\u00e9e culturelle et \u00e9pouse de l\u2019ambassadeur, Son Excellence Simon Seroussi, a salu\u00e9 cette action en faveur de la sant\u00e9 et de la dignit\u00e9 des jeunes filles. Elle a soulign\u00e9 que la gestion de l\u2019hygi\u00e8ne menstruelle constitue un enjeu majeur de sant\u00e9 publique et d\u2019\u00e9galit\u00e9.<\/p>\n<p>\u00ab\u202fSeules les femmes ont la capacit\u00e9 de donner la vie. Le corps humain, dans sa nature, ne saurait \u00eatre consid\u00e9r\u00e9 comme imparfait. Les menstrues sont un ph\u00e9nom\u00e8ne naturel, qui n\u2019est ni une maladie, ni une punition, encore moins une source de salet\u00e9\u202f\u00bb, a-t-elle d\u00e9clar\u00e9, appelant \u00e0 briser les tabous persistants autour des r\u00e8gles.<\/p>\n<p>La pr\u00e9sidente de l\u2019ONG Femme en Action, Mme Irad Gbazal\u00e9, a anim\u00e9 des s\u00e9ances de sensibilisation sur le cycle menstruel, pr\u00e9sent\u00e9 comme une \u00e9tape naturelle de la vie reproductive. Elle a rappel\u00e9 que la dur\u00e9e des r\u00e8gles varie g\u00e9n\u00e9ralement de quatre \u00e0 sept jours et que ces diff\u00e9rences sont normales.<\/p>\n<p>Insistant sur l\u2019importance d\u2019une bonne hygi\u00e8ne corporelle, elle a recommand\u00e9 le lavage r\u00e9gulier, le changement fr\u00e9quent des protections hygi\u00e9niques et l\u2019adoption de comportements pr\u00e9ventifs pour \u00e9viter infections et inconforts.<\/p>\n<p>Mme Gbazal\u00e9 a \u00e9galement \u00e9voqu\u00e9 les pr\u00e9cautions \u00e0 observer durant cette p\u00e9riode, rappelant que les rapports sexuels pendant les menstrues sont d\u00e9conseill\u00e9s pour des raisons d\u2019hygi\u00e8ne et de sant\u00e9, tout en pr\u00e9cisant que le risque de grossesse, bien que faible, demeure possible dans certains cas.<\/p>\n<p>Cette activit\u00e9 s\u2019inscrit dans la quatri\u00e8me campagne de sensibilisation sur la sant\u00e9 menstruelle. Chaque b\u00e9n\u00e9ficiaire a re\u00e7u un kit compos\u00e9 d\u2019un seau, de six serviettes hygi\u00e9niques r\u00e9utilisables et de savon.<\/p>\n<p>\u00c0 travers cette action, les organisateurs r\u00e9affirment leur engagement \u00e0 promouvoir la sant\u00e9, la dignit\u00e9 et l\u2019autonomisation des jeunes filles, tout en renfor\u00e7ant la lutte contre la pr\u00e9carit\u00e9 menstruelle en C\u00f4te d\u2019Ivoire.<\/p>\n<p>&nbsp;<\/p>\n<p><strong>G\u00e9rard Batoua, avec Sercom ONG Femme en Action<\/strong><\/p>\n<p>&nbsp;<\/p>\n<p>&nbsp;<\/p>\n","protected":false},"excerpt":{"rendered":"<p>L\u2019Institut de formation et d\u2019\u00e9ducation f\u00e9minine (IFEF), situ\u00e9 \u00e0 Abobo Sogephia, a accueilli, le mardi 20 janvier 2026, une c\u00e9r\u00e9monie de remise de kits d\u2019hygi\u00e8ne menstruelle au profit de plus de 200 jeunes filles. Cette initiative est port\u00e9e par l\u2019Ambassade d\u2019Isra\u00ebl, l\u2019ONG Femme en Action et la communaut\u00e9 juive, dans le cadre de la lutte [&hellip;]<\/p>\n","protected":false},"author":4,"featured_media":42049,"comment_status":"closed","ping_status":"closed","sticky":false,"template":"","format":"standard","meta":{"_monsterinsights_skip_tracking":false,"_monsterinsights_sitenote_active":false,"_monsterinsights_sitenote_note":"","_monsterinsights_sitenote_category":0,"footnotes":""},"categories":[2,3],"tags":[],"class_list":["post-42048","post","type-post","status-publish","format-standard","has-post-thumbnail","hentry","category-featured","category-societe"],"_links":{"self":[{"href":"https:\/\/www.lintelligentdabidjan.info\/news\/wp-json\/wp\/v2\/posts\/42048","targetHints":{"allow":["GET"]}}],"collection":[{"href":"https:\/\/www.lintelligentdabidjan.info\/news\/wp-json\/wp\/v2\/posts"}],"about":[{"href":"https:\/\/www.lintelligentdabidjan.info\/news\/wp-json\/wp\/v2\/types\/post"}],"author":[{"embeddable":true,"href":"https:\/\/www.lintelligentdabidjan.info\/news\/wp-json\/wp\/v2\/users\/4"}],"replies":[{"embeddable":true,"href":"https:\/\/www.lintelligentdabidjan.info\/news\/wp-json\/wp\/v2\/comments?post=42048"}],"version-history":[{"count":1,"href":"https:\/\/www.lintelligentdabidjan.info\/news\/wp-json\/wp\/v2\/posts\/42048\/revisions"}],"predecessor-version":[{"id":42050,"href":"https:\/\/www.lintelligentdabidjan.info\/news\/wp-json\/wp\/v2\/posts\/42048\/revisions\/42050"}],"wp:featuredmedia":[{"embeddable":true,"href":"https:\/\/www.lintelligentdabidjan.info\/news\/wp-json\/wp\/v2\/media\/42049"}],"wp:attachment":[{"href":"https:\/\/www.lintelligentdabidjan.info\/news\/wp-json\/wp\/v2\/media?parent=42048"}],"wp:term":[{"taxonomy":"category","embeddable":true,"href":"https:\/\/www.lintelligentdabidjan.info\/news\/wp-json\/wp\/v2\/categories?post=42048"},{"taxonomy":"post_tag","embeddable":true,"href":"https:\/\/www.lintelligentdabidjan.info\/news\/wp-json\/wp\/v2\/tags?post=42048"}],"curies":[{"name":"wp","href":"https:\/\/api.w.org\/{rel}","templated":true}]}}