{"id":42051,"date":"2026-01-22T06:22:19","date_gmt":"2026-01-22T05:22:19","guid":{"rendered":"https:\/\/www.lintelligentdabidjan.info\/news\/?p=42051"},"modified":"2026-01-22T06:22:38","modified_gmt":"2026-01-22T05:22:38","slug":"lintelligent-en-pdf-nouveau-gouvernement-massere-toure-kone-revele-le-delai-donne-a-mambe","status":"publish","type":"post","link":"https:\/\/www.lintelligentdabidjan.info\/news\/lintelligent-en-pdf-nouveau-gouvernement-massere-toure-kone-revele-le-delai-donne-a-mambe\/","title":{"rendered":"\u00a0\u00a0L&#8217;Intelligent en PDF:\u00a0 Nouveau gouvernement  Mass\u00e9r\u00e9 TOUR\u00c9-KON\u00c9 r\u00e9v\u00e8le le d\u00e9lai donn\u00e9 \u00e0 MAMB\u00c9"},"content":{"rendered":"<p dir=\"ltr\"><strong>Dans un communiqu\u00e9 officiel rendu public et lu par la Secr\u00e9taire g\u00e9n\u00e9rale de la Pr\u00e9sidence de la R\u00e9publique, Mass\u00e9r\u00e9 TOUR\u00c9-KONE ce mercredi 21 janvier 2026, le Pr\u00e9sident de la R\u00e9publique,\u00a0 Alassane Ouattara, a annonc\u00e9 la nomination de Robert Beugr\u00e9 Mamb\u00e9 au poste de Premier ministre, Chef du Gouvernement, avec pour mission de lui proposer un nouveau Gouvernement dans les meilleurs d\u00e9lais.<\/strong><\/p>\n<p dir=\"ltr\">Communiqu\u00e9 \u00e0 d\u00e9couvrir\u00a0 en ligne sur&#8230;<\/p>\n<p><a href=\"https:\/\/news.abidjan.net\/titrologie\/39-lintelligent-dabidjan\/articles\" target=\"_blank\" rel=\"noopener\">https:\/\/news.abidjan.net\/titrologie\/39-lintelligent-dabidjan\/articles<\/a><\/p>\n<p dir=\"ltr\">\u00a0\u00c0\u00a0 lire aussi les\u00a0 r\u00e9actions de Valentin Kouassi,\u00a0 Kouakou Kra, Ebrin Yao, des ministres et cadres suite \u00e0 la reconduction de Mamb\u00e9; Beugr\u00e9 Mamb\u00e9, Kandia Camara, Bacongo Ciss\u00e9, Fran\u00e7oise Remarck, Ayit\u00e9 Dossavi soutiennent la JMCA ;\u00a0 Guillaume Gbato et St\u00e9phane Kipr\u00e9 aux commandes de Groupes parlementaires \u00e0 l&#8217;Assembl\u00e9e nationale.<\/p>\n<p dir=\"ltr\">Cliquez pour les d\u00e9tails<\/p>\n<p><a href=\"https:\/\/www.afrikipresse.fr\/abonnement\" target=\"_blank\" rel=\"noopener\">https:\/\/www.afrikipresse.fr\/abonnement<\/a><\/p>\n<p dir=\"ltr\">\u00c0 voir \u00e9galement Cycle menstruel, le\u00a0 soutien d&#8217;Isra\u00ebl,\u00a0 l\u2019ONG \u2018\u2019Femme en Action et la communaut\u00e9 juive\u2019\u2019 aux jeunes filles.<\/p>\n<p><a href=\"https:\/\/www.pressecotedivoire.fr\/titrologie\" target=\"_blank\" rel=\"noopener\">https:\/\/www.pressecotedivoire.fr\/titrologie<\/a><\/p>\n<p>&nbsp;<\/p>\n","protected":false},"excerpt":{"rendered":"<p>Dans un communiqu\u00e9 officiel rendu public et lu par la Secr\u00e9taire g\u00e9n\u00e9rale de la Pr\u00e9sidence de la R\u00e9publique, Mass\u00e9r\u00e9 TOUR\u00c9-KONE ce mercredi 21 janvier 2026, le Pr\u00e9sident de la R\u00e9publique,\u00a0 Alassane Ouattara, a annonc\u00e9 la nomination de Robert Beugr\u00e9 Mamb\u00e9 au poste de Premier ministre, Chef du Gouvernement, avec pour mission de lui proposer un [&hellip;]<\/p>\n","protected":false},"author":4,"featured_media":42052,"comment_status":"closed","ping_status":"closed","sticky":false,"template":"","format":"standard","meta":{"_monsterinsights_skip_tracking":false,"_monsterinsights_sitenote_active":false,"_monsterinsights_sitenote_note":"","_monsterinsights_sitenote_category":0,"footnotes":""},"categories":[2,3],"tags":[],"class_list":["post-42051","post","type-post","status-publish","format-standard","has-post-thumbnail","hentry","category-featured","category-societe"],"_links":{"self":[{"href":"https:\/\/www.lintelligentdabidjan.info\/news\/wp-json\/wp\/v2\/posts\/42051","targetHints":{"allow":["GET"]}}],"collection":[{"href":"https:\/\/www.lintelligentdabidjan.info\/news\/wp-json\/wp\/v2\/posts"}],"about":[{"href":"https:\/\/www.lintelligentdabidjan.info\/news\/wp-json\/wp\/v2\/types\/post"}],"author":[{"embeddable":true,"href":"https:\/\/www.lintelligentdabidjan.info\/news\/wp-json\/wp\/v2\/users\/4"}],"replies":[{"embeddable":true,"href":"https:\/\/www.lintelligentdabidjan.info\/news\/wp-json\/wp\/v2\/comments?post=42051"}],"version-history":[{"count":1,"href":"https:\/\/www.lintelligentdabidjan.info\/news\/wp-json\/wp\/v2\/posts\/42051\/revisions"}],"predecessor-version":[{"id":42053,"href":"https:\/\/www.lintelligentdabidjan.info\/news\/wp-json\/wp\/v2\/posts\/42051\/revisions\/42053"}],"wp:featuredmedia":[{"embeddable":true,"href":"https:\/\/www.lintelligentdabidjan.info\/news\/wp-json\/wp\/v2\/media\/42052"}],"wp:attachment":[{"href":"https:\/\/www.lintelligentdabidjan.info\/news\/wp-json\/wp\/v2\/media?parent=42051"}],"wp:term":[{"taxonomy":"category","embeddable":true,"href":"https:\/\/www.lintelligentdabidjan.info\/news\/wp-json\/wp\/v2\/categories?post=42051"},{"taxonomy":"post_tag","embeddable":true,"href":"https:\/\/www.lintelligentdabidjan.info\/news\/wp-json\/wp\/v2\/tags?post=42051"}],"curies":[{"name":"wp","href":"https:\/\/api.w.org\/{rel}","templated":true}]}}