{"id":42096,"date":"2026-01-27T07:19:49","date_gmt":"2026-01-27T06:19:49","guid":{"rendered":"https:\/\/www.lintelligentdabidjan.info\/news\/?p=42096"},"modified":"2026-01-27T07:20:04","modified_gmt":"2026-01-27T06:20:04","slug":"toiles-et-talents10-nouveaux-artistes-peintres-retenus-pour-ledition-2026","status":"publish","type":"post","link":"https:\/\/www.lintelligentdabidjan.info\/news\/toiles-et-talents10-nouveaux-artistes-peintres-retenus-pour-ledition-2026\/","title":{"rendered":"Toiles et Talents:10 nouveaux artistes\u2011peintres retenus pour l\u2019\u00e9dition 2026"},"content":{"rendered":"<p><strong>Dix artistes\u2011peintres ont \u00e9t\u00e9 retenus sur pr\u00e8s d\u2019une centaine de candidatures pour la deuxi\u00e8me \u00e9dition de \u00ab\u202fToiles et Talents\u202f\u00bb, pr\u00e9vue en 2026. L\u2019annonce a \u00e9t\u00e9 faite par les organisateurs le lundi 26 janvier 2026, au si\u00e8ge de Abidjan.net, \u00e0 Cocody.<\/strong><\/p>\n<p>L\u2019\u00e9v\u00e9nement se tiendra du 7 au 14 f\u00e9vrier 2026 dans les locaux de Abidjan.net, autour du th\u00e8me \u00ab\u202fL\u2019exploration de l\u2019art contemporain\u202f\u00bb. Cette initiative vise \u00e0 promouvoir et contribuer au d\u00e9veloppement des \u0153uvres des artistes\u2011peintres africains contemporains, en particulier les artistes ivoiriens, tout en renfor\u00e7ant la visibilit\u00e9 du concept Toiles et Talents \u00e0 l\u2019\u00e9chelle nationale.<\/p>\n<p>Selon Kangah Florent, commissaire g\u00e9n\u00e9ral de l\u2019\u00e9v\u00e9nement, cette plateforme se veut un v\u00e9ritable outil d\u2019accompagnement des jeunes talents. \u00ab\u202fNous voulons aider les artistes \u00e0 se faire conna\u00eetre, leur trouver une place sur le march\u00e9 ivoirien et international, et leur offrir des opportunit\u00e9s de collaboration avec des galeries et des structures culturelles\u202f\u00bb, a\u2011t\u2011il expliqu\u00e9.<\/p>\n<p>Il a \u00e9galement mis en lumi\u00e8re la principale innovation de cette \u00e9dition.<\/p>\n<p>\u00ab\u202fCette ann\u00e9e, des galeries seront invit\u00e9es pendant l\u2019exposition afin de d\u00e9tecter de nouveaux talents. Des structures partenaires seront \u00e9galement pr\u00e9sentes pour apporter leur soutien aux artistes\u202f\u00bb, a\u2011t\u2011il pr\u00e9cis\u00e9.<\/p>\n<p>Chacun des artistes s\u00e9lectionn\u00e9s devra pr\u00e9senter cinq \u0153uvres au cours de cette exposition d\u2019une semaine. Les organisateurs promettent au public des \u0153uvres de grande qualit\u00e9 et esp\u00e8rent une forte mobilisation des amateurs d\u2019art et des professionnels du secteur pour c\u00e9l\u00e9brer la richesse de la cr\u00e9ation picturale contemporaine. Il convient de souligner que cette initiative b\u00e9n\u00e9ficie de l\u2019accompagnement du minist\u00e8re de la Culture et de la Francophonie.<\/p>\n<p>&nbsp;<\/p>\n<p><strong>Mamadou Ouattara avec Mariam Kaba<\/strong><\/p>\n<p>&nbsp;<\/p>\n<p>&nbsp;<\/p>\n<p>&nbsp;<\/p>\n<p>&nbsp;<\/p>\n<p>&nbsp;<\/p>\n","protected":false},"excerpt":{"rendered":"<p>Dix artistes\u2011peintres ont \u00e9t\u00e9 retenus sur pr\u00e8s d\u2019une centaine de candidatures pour la deuxi\u00e8me \u00e9dition de \u00ab\u202fToiles et Talents\u202f\u00bb, pr\u00e9vue en 2026. L\u2019annonce a \u00e9t\u00e9 faite par les organisateurs le lundi 26 janvier 2026, au si\u00e8ge de Abidjan.net, \u00e0 Cocody. L\u2019\u00e9v\u00e9nement se tiendra du 7 au 14 f\u00e9vrier 2026 dans les locaux de Abidjan.net, autour [&hellip;]<\/p>\n","protected":false},"author":4,"featured_media":42097,"comment_status":"closed","ping_status":"closed","sticky":false,"template":"","format":"standard","meta":{"_monsterinsights_skip_tracking":false,"_monsterinsights_sitenote_active":false,"_monsterinsights_sitenote_note":"","_monsterinsights_sitenote_category":0,"footnotes":""},"categories":[2,20],"tags":[6944,6945,6943],"class_list":["post-42096","post","type-post","status-publish","format-standard","has-post-thumbnail","hentry","category-featured","category-art-et-culture","tag-artistes-peintres","tag-ledition-2026","tag-toiles-et-talents"],"_links":{"self":[{"href":"https:\/\/www.lintelligentdabidjan.info\/news\/wp-json\/wp\/v2\/posts\/42096","targetHints":{"allow":["GET"]}}],"collection":[{"href":"https:\/\/www.lintelligentdabidjan.info\/news\/wp-json\/wp\/v2\/posts"}],"about":[{"href":"https:\/\/www.lintelligentdabidjan.info\/news\/wp-json\/wp\/v2\/types\/post"}],"author":[{"embeddable":true,"href":"https:\/\/www.lintelligentdabidjan.info\/news\/wp-json\/wp\/v2\/users\/4"}],"replies":[{"embeddable":true,"href":"https:\/\/www.lintelligentdabidjan.info\/news\/wp-json\/wp\/v2\/comments?post=42096"}],"version-history":[{"count":1,"href":"https:\/\/www.lintelligentdabidjan.info\/news\/wp-json\/wp\/v2\/posts\/42096\/revisions"}],"predecessor-version":[{"id":42098,"href":"https:\/\/www.lintelligentdabidjan.info\/news\/wp-json\/wp\/v2\/posts\/42096\/revisions\/42098"}],"wp:featuredmedia":[{"embeddable":true,"href":"https:\/\/www.lintelligentdabidjan.info\/news\/wp-json\/wp\/v2\/media\/42097"}],"wp:attachment":[{"href":"https:\/\/www.lintelligentdabidjan.info\/news\/wp-json\/wp\/v2\/media?parent=42096"}],"wp:term":[{"taxonomy":"category","embeddable":true,"href":"https:\/\/www.lintelligentdabidjan.info\/news\/wp-json\/wp\/v2\/categories?post=42096"},{"taxonomy":"post_tag","embeddable":true,"href":"https:\/\/www.lintelligentdabidjan.info\/news\/wp-json\/wp\/v2\/tags?post=42096"}],"curies":[{"name":"wp","href":"https:\/\/api.w.org\/{rel}","templated":true}]}}