{"id":42105,"date":"2026-01-27T07:34:58","date_gmt":"2026-01-27T06:34:58","guid":{"rendered":"https:\/\/www.lintelligentdabidjan.info\/news\/?p=42105"},"modified":"2026-01-27T07:35:03","modified_gmt":"2026-01-27T06:35:03","slug":"environnement-et-transition-ecologique-david-mobio-fait-des-revelations-sur-abou-bamba","status":"publish","type":"post","link":"https:\/\/www.lintelligentdabidjan.info\/news\/environnement-et-transition-ecologique-david-mobio-fait-des-revelations-sur-abou-bamba\/","title":{"rendered":"Environnement et Transition \u00e9cologique :\u00a0  David Mobio fait des r\u00e9v\u00e9lations sur Abou Bamba"},"content":{"rendered":"<p><strong>Abou Bamba nomm\u00e9 Ministre de l\u2019Environnement et de la Transition \u00e9cologique en C\u00f4te d&#8217;Ivoire, le journaliste \u00e9m\u00e9rite David Mobio lui rend un hommage public en retra\u00e7ant 20 ans d\u2019engagement.<\/strong><\/p>\n<p>Dans une adresse publique spontan\u00e9e et exclusive, David Mobio, pr\u00e9sident de la section ivoirienne du R\u00e9seau Africain pour la Communication Environnementale (RACE), f\u00e9licite Abou Bamba pour sa nomination \u00e0 la t\u00eate du Minist\u00e8re de l\u2019Environnement et de la Transition \u00c9cologique. Il revient sur leur collaboration initi\u00e9e dans les ann\u00e9es 2000 en Afrique du Sud, \u00e9voquant la cr\u00e9ation du RACE, la coordination de hautes rencontres climatiques et le pilotage de l\u2019Abidjan Legacy Program, avant de souhaiter succ\u00e8s pour cette nouvelle mission. Ci dessous tels que re\u00e7us , la lettre l&#8217;intertitre et le titre.<\/p>\n<p>Minist\u00e8re de l\u2019Environnement et de la Transition \u00c9cologique<\/p>\n<p>David MOBIO, fier de la nomination du Ministre Abou BAMBA.<\/p>\n<p>C\u2019est motiv\u00e9 par une joie particuli\u00e8re et difficilement contenable que je t\u2019adresse cet hommage en guise de f\u00e9licitations pour ta nomination \u00e0 la t\u00eate du Minist\u00e8re de l\u2019Environnement et de la Transition \u00c9cologique. D\u2019entr\u00e9e, je voudrais associer \u00e0 ces f\u00e9licitations, mes remerciements appuy\u00e9s \u00e0 l\u2019endroit de Son Excellence Monsieur le Pr\u00e9sident de la R\u00e9publique Alassane Ouattara, pour le choix port\u00e9 sur ta modeste personne. En parlant de modestie, puisse la sienne en souffrir, le temps de cette missive, eu \u00e9gard au canal public par lequel je m\u2019adresse \u00e0 toi, te sachant d\u2019embl\u00e9e r\u00e9serv\u00e9. En effet, c\u2019est justement habit\u00e9 par tes qualit\u00e9s d\u2019homme discret, r\u00e9serv\u00e9 et efficace, que tu coordonneras avec rigueur, les grands projet du REDDA, le R\u00e9seau pour le D\u00e9veloppement Durable en Afrique. Permets-moi de nous replonger dans quelques-uns de nos souvenirs lointains des ann\u00e9es 2000 en Afrique du Sud, o\u00f9 tu as \u00e9t\u00e9 \u00e0 l\u2019initiation de la cr\u00e9ation du RACE, le R\u00e9seau Africain pour la Communication Environnementale qui regroupait des journalistes et autres professionnels des m\u00e9dias.Un r\u00e9seau dont je preside aux destin\u00e9es de la section C\u00f4te d\u2019Ivoire, depuis lors, jusqu\u2019\u00e0 ce jour.Toujours dans la nation arc en ciel, en pr\u00e9sence du Pr\u00e9sident fran\u00e7ais d\u2019alors, Jacques Chirac, tu coordonneras avec maestria, des s\u00e9ances de hauts niveaux relatives aux pr\u00e9occupations pertinentes du changement climatique et autres questions environnementales. Dans le contexte de cette \u00e9poque, il me souvient que nos missions r\u00e9guli\u00e8res au si\u00e8ge du Programme des Nations Unies pour l\u2019Environnement (PNUE), \u00e0 Nairobi au Kenya, \u00e9taient des occasions de partages d\u2019exp\u00e9riences pour toi et tes pairs sp\u00e9cialistes des questions environnementales venus de divers endroits du Continent. Aussi, \u00e0 l\u2019aune de tes performances susmentionn\u00e9es, je ne serai aucunement surpris de te voir plus tard, d\u00e9sign\u00e9 par les Nations Unies, \u00e0 la t\u00eate de la Convention d\u2019Abidjan, dans le cadre de la politique de capitalisation d\u2019importants projets li\u00e9s \u00e0 la protection de l\u2019environnement. Comme je ne le serai pas non plus lorsqu\u2019en 2021, tu seras coopt\u00e9 en qualit\u00e9 de pr\u00e9sident du Comit\u00e9 d\u2019Organisation de la 15\u00e8me Conf\u00e9rence des Parties (COP 15), \u00e0 la convention des Nations Unies de la lutte contre la d\u00e9sertification. Dans la dynamique, l\u2019Abidjan Legacy program (ALP), ce programme strat\u00e9gique qui en d\u00e9coulera en 2022, et dont tu auras la coordination, permettra de restaurer les \u00e9cosyst\u00e8mes forestiers et d\u00e9grad\u00e9s tout en intensifiant durablement l\u2019agriculture et en am\u00e9liorant les moyens de subsistance ruraux, notamment via l\u2019agro foresterie et l\u2019autonomisation des femmes et des jeunes. Autant d\u2019abn\u00e9gation et de r\u00e9silience, r\u00e9compens\u00e9es ce m\u00e9morable 23 janvier 2026, \u00e0 travers ta brillante int\u00e9gration dans le nouveau Gouvernement qui continue de susciter en moi, fiert\u00e9 et admiration. Bref ! Telle est, Monsieur le Ministre et cher fr\u00e8re, l\u2019\u00e9conomie de cet hommage public qu\u2019il m\u2019a sembl\u00e9 opportun de te rendre au nom de la sinc\u00e9rit\u00e9 et de la franchise amicale.<\/p>\n<p>&nbsp;<\/p>\n<p>Pour terminer je voudrais aussi dire merci au Premier Ministre Beugre Mamb\u00e9 pour avoir fait le choix de ce Professionnel du domaine de l&#8217;environnement et de l&#8217;avoir propos\u00e9 au Pr\u00e9sident de la R\u00e9publique.<\/p>\n<p>Puisse Dieu te soutenir dans l\u2019accomplissement de cette nouvelle et noble mission sacerdotale !<\/p>\n<p>&nbsp;<\/p>\n<p>Fraternellement !<\/p>\n<p>&nbsp;<\/p>\n<p><strong>David MOBIO<\/strong><\/p>\n<p>&nbsp;<\/p>\n<p>&nbsp;<\/p>\n<p>&nbsp;<\/p>\n","protected":false},"excerpt":{"rendered":"<p>Abou Bamba nomm\u00e9 Ministre de l\u2019Environnement et de la Transition \u00e9cologique en C\u00f4te d&#8217;Ivoire, le journaliste \u00e9m\u00e9rite David Mobio lui rend un hommage public en retra\u00e7ant 20 ans d\u2019engagement. Dans une adresse publique spontan\u00e9e et exclusive, David Mobio, pr\u00e9sident de la section ivoirienne du R\u00e9seau Africain pour la Communication Environnementale (RACE), f\u00e9licite Abou Bamba pour [&hellip;]<\/p>\n","protected":false},"author":4,"featured_media":42106,"comment_status":"closed","ping_status":"closed","sticky":false,"template":"","format":"standard","meta":{"footnotes":""},"categories":[2,17],"tags":[6951,6949,6948,6950],"class_list":["post-42105","post","type-post","status-publish","format-standard","has-post-thumbnail","hentry","category-featured","category-politique","tag-abou-bamba","tag-david-mobio","tag-environnement-et-transition-ecologique","tag-revelations"],"_links":{"self":[{"href":"https:\/\/www.lintelligentdabidjan.info\/news\/wp-json\/wp\/v2\/posts\/42105","targetHints":{"allow":["GET"]}}],"collection":[{"href":"https:\/\/www.lintelligentdabidjan.info\/news\/wp-json\/wp\/v2\/posts"}],"about":[{"href":"https:\/\/www.lintelligentdabidjan.info\/news\/wp-json\/wp\/v2\/types\/post"}],"author":[{"embeddable":true,"href":"https:\/\/www.lintelligentdabidjan.info\/news\/wp-json\/wp\/v2\/users\/4"}],"replies":[{"embeddable":true,"href":"https:\/\/www.lintelligentdabidjan.info\/news\/wp-json\/wp\/v2\/comments?post=42105"}],"version-history":[{"count":1,"href":"https:\/\/www.lintelligentdabidjan.info\/news\/wp-json\/wp\/v2\/posts\/42105\/revisions"}],"predecessor-version":[{"id":42107,"href":"https:\/\/www.lintelligentdabidjan.info\/news\/wp-json\/wp\/v2\/posts\/42105\/revisions\/42107"}],"wp:featuredmedia":[{"embeddable":true,"href":"https:\/\/www.lintelligentdabidjan.info\/news\/wp-json\/wp\/v2\/media\/42106"}],"wp:attachment":[{"href":"https:\/\/www.lintelligentdabidjan.info\/news\/wp-json\/wp\/v2\/media?parent=42105"}],"wp:term":[{"taxonomy":"category","embeddable":true,"href":"https:\/\/www.lintelligentdabidjan.info\/news\/wp-json\/wp\/v2\/categories?post=42105"},{"taxonomy":"post_tag","embeddable":true,"href":"https:\/\/www.lintelligentdabidjan.info\/news\/wp-json\/wp\/v2\/tags?post=42105"}],"curies":[{"name":"wp","href":"https:\/\/api.w.org\/{rel}","templated":true}]}}