{"id":42125,"date":"2026-01-28T06:27:34","date_gmt":"2026-01-28T05:27:34","guid":{"rendered":"https:\/\/www.lintelligentdabidjan.info\/news\/?p=42125"},"modified":"2026-01-28T06:27:34","modified_gmt":"2026-01-28T05:27:34","slug":"lintelligent-en-pdf-voeux-au-palais-de-la-presidence-hier-ce-que-ouattara-des-ambassadeurs-et-dautres-ont-dit","status":"publish","type":"post","link":"https:\/\/www.lintelligentdabidjan.info\/news\/lintelligent-en-pdf-voeux-au-palais-de-la-presidence-hier-ce-que-ouattara-des-ambassadeurs-et-dautres-ont-dit\/","title":{"rendered":"L&#8217;Intelligent en PDF:\u00a0V\u0153ux au Palais de la Pr\u00e9sidence hier   Ce que Ouattara, des Ambassadeurs et d&#8217;autres ont dit"},"content":{"rendered":"<div><strong>\u00a0Le corps diplomatique, les membres des Institutions de la R\u00e9publique et les autorit\u00e9s judiciaires ont ouvert, le mardi 27 janvier 2026, la s\u00e9rie des \u00e9changes de v\u0153ux de nouvel An avec le pr\u00e9sident de la R\u00e9publique, Alassane Ouattara, au palais pr\u00e9sidentiel d\u2019Abidjan.\u00a0 Quels ont \u00e9t\u00e9 les messages livr\u00e9s lors de cette c\u00e9r\u00e9monie?\u00a0<\/strong><\/div>\n<div><\/div>\n<div>Article \u00e0 d\u00e9couvrir dans vos kiosques et en ligne sur&#8230;<\/div>\n<div><a href=\"https:\/\/news.abidjan.net\/titrologie\/39-lintelligent-dabidjan\/articles\" target=\"_blank\" rel=\"noopener\">https:\/\/news.abidjan.net\/titrologie\/39-lintelligent-dabidjan\/articles<\/a><\/div>\n<div><\/div>\n<div>\u00a0\u00c0 lire aussi Diawara et Kacou Adom sont vice-pr\u00e9sidents de l&#8217;Assembl\u00e9e nationale; Don Mello d\u00e9nonce le Rhdp et fait des r\u00e9v\u00e9lations sur l&#8217;article 8 du Kurukan Fugan; ce que le\u00a0 PCA de l&#8217;ANAPROCI a dit sur le parcours de Bruno Kon\u00e9; Ce qui est pr\u00e9vu pour la sant\u00e9 mentale des jeunes; Dr Kallo Vessaly parle des principaux d\u00e9fis de la sant\u00e9 animale.<\/div>\n<div><\/div>\n<div>Cliquez pour les d\u00e9tails<\/div>\n<div><a href=\"https:\/\/www.afrikipresse.fr\/abonnement\" target=\"_blank\" rel=\"noopener\">https:\/\/www.afrikipresse.fr\/abonnement<\/a><\/div>\n<div><\/div>\n<div>\u00c0 voir \u00e9galement que faisait Zi\u00e9 Coulibaly de la\u00a0 Mutuelle sociale des M\u00e9dias en C\u00f4te d&#8217;Ivoire \u00e0 L&#8217;Intelligent d&#8217;Abidjan<\/div>\n<div><a href=\"https:\/\/www.pressecotedivoire.fr\/titrologie\" target=\"_blank\" rel=\"noopener\">https:\/\/www.pressecotedivoire.fr\/titrologie<\/a><\/div>\n<div><\/div>\n","protected":false},"excerpt":{"rendered":"<p>\u00a0Le corps diplomatique, les membres des Institutions de la R\u00e9publique et les autorit\u00e9s judiciaires ont ouvert, le mardi 27 janvier 2026, la s\u00e9rie des \u00e9changes de v\u0153ux de nouvel An avec le pr\u00e9sident de la R\u00e9publique, Alassane Ouattara, au palais pr\u00e9sidentiel d\u2019Abidjan.\u00a0 Quels ont \u00e9t\u00e9 les messages livr\u00e9s lors de cette c\u00e9r\u00e9monie?\u00a0 Article \u00e0 d\u00e9couvrir [&hellip;]<\/p>\n","protected":false},"author":4,"featured_media":42126,"comment_status":"closed","ping_status":"closed","sticky":false,"template":"","format":"standard","meta":{"footnotes":""},"categories":[2,3],"tags":[],"class_list":["post-42125","post","type-post","status-publish","format-standard","has-post-thumbnail","hentry","category-featured","category-societe"],"_links":{"self":[{"href":"https:\/\/www.lintelligentdabidjan.info\/news\/wp-json\/wp\/v2\/posts\/42125","targetHints":{"allow":["GET"]}}],"collection":[{"href":"https:\/\/www.lintelligentdabidjan.info\/news\/wp-json\/wp\/v2\/posts"}],"about":[{"href":"https:\/\/www.lintelligentdabidjan.info\/news\/wp-json\/wp\/v2\/types\/post"}],"author":[{"embeddable":true,"href":"https:\/\/www.lintelligentdabidjan.info\/news\/wp-json\/wp\/v2\/users\/4"}],"replies":[{"embeddable":true,"href":"https:\/\/www.lintelligentdabidjan.info\/news\/wp-json\/wp\/v2\/comments?post=42125"}],"version-history":[{"count":1,"href":"https:\/\/www.lintelligentdabidjan.info\/news\/wp-json\/wp\/v2\/posts\/42125\/revisions"}],"predecessor-version":[{"id":42127,"href":"https:\/\/www.lintelligentdabidjan.info\/news\/wp-json\/wp\/v2\/posts\/42125\/revisions\/42127"}],"wp:featuredmedia":[{"embeddable":true,"href":"https:\/\/www.lintelligentdabidjan.info\/news\/wp-json\/wp\/v2\/media\/42126"}],"wp:attachment":[{"href":"https:\/\/www.lintelligentdabidjan.info\/news\/wp-json\/wp\/v2\/media?parent=42125"}],"wp:term":[{"taxonomy":"category","embeddable":true,"href":"https:\/\/www.lintelligentdabidjan.info\/news\/wp-json\/wp\/v2\/categories?post=42125"},{"taxonomy":"post_tag","embeddable":true,"href":"https:\/\/www.lintelligentdabidjan.info\/news\/wp-json\/wp\/v2\/tags?post=42125"}],"curies":[{"name":"wp","href":"https:\/\/api.w.org\/{rel}","templated":true}]}}