{"id":42128,"date":"2026-01-29T06:13:56","date_gmt":"2026-01-29T05:13:56","guid":{"rendered":"https:\/\/www.lintelligentdabidjan.info\/news\/?p=42128"},"modified":"2026-01-29T06:14:21","modified_gmt":"2026-01-29T05:14:21","slug":"projet-de-construction-de-la-casse-de-ndotre-ibrahim-kalil-konate-nous-nous-donnerons-les-moyens-de-realiser-ce-projet","status":"publish","type":"post","link":"https:\/\/www.lintelligentdabidjan.info\/news\/projet-de-construction-de-la-casse-de-ndotre-ibrahim-kalil-konate-nous-nous-donnerons-les-moyens-de-realiser-ce-projet\/","title":{"rendered":"\u00a0Projet de construction de la casse de N\u2019Dotr\u00e9- Ibrahim Kalil Konat\u00e9 :\u00ab Nous nous donnerons les moyens de r\u00e9aliser ce projet \u00bb"},"content":{"rendered":"<p><strong>Officiellement entr\u00e9 en fonction le mercredi 28 janvier 2026 en qualit\u00e9 de ministre du Commerce, de l\u2019Industrie et de l\u2019Artisanat, Ibrahim Kalil Konat\u00e9 a r\u00e9affirm\u00e9 sa d\u00e9termination \u00e0 poursuivre et \u00e0 acc\u00e9l\u00e9rer les projets structurants de son d\u00e9partement, au premier rang desquels figure la construction de la casse moderne de N\u2019Dotr\u00e9.<\/strong><\/p>\n<p>La c\u00e9r\u00e9monie de passation de charges avec son pr\u00e9d\u00e9cesseur, Souleymane Diarrassouba, d\u00e9sormais ministre du Plan et du D\u00e9veloppement, a \u00e9t\u00e9 l\u2019occasion pour le nouveau ministre de saluer le travail accompli tout en affichant son engagement personnel.<\/p>\n<p>\u00ab Je mesure pleinement l\u2019ampleur de la t\u00e2che qui nous incombe. Elle ne saurait \u00eatre accomplie sans l\u2019engagement, la comp\u00e9tence et le sens du devoir de l\u2019ensemble des cadres et agents de ce minist\u00e8re. Ensemble, dans un esprit de rigueur, de dialogue et de responsabilit\u00e9, nous \u0153uvrerons \u00e0 faire du minist\u00e8re du Commerce, de l\u2019Industrie et de l\u2019Artisanat la pi\u00e8ce centrale de la transformation \u00e9conomique de la C\u00f4te d\u2019Ivoire \u00bb, a-t-il d\u00e9clar\u00e9.<\/p>\n<p>Revenant sur le projet de la casse moderne de N\u2019Dotr\u00e9, Ibrahim Kalil Konat\u00e9 a rappel\u00e9 son implication d\u00e8s les premi\u00e8res \u00e9tapes.<\/p>\n<p>\u00ab J\u2019ai \u00e9cout\u00e9 avec attention la pr\u00e9sentation du projet. Je me souviens qu\u2019en 2012, lorsque j\u2019\u00e9tais directeur g\u00e9n\u00e9ral de l\u2019INIE ( Institut ivoirien de l&#8217;Entreprise )\u00a0 , nous avons r\u00e9alis\u00e9 l\u2019\u00e9tude de faisabilit\u00e9 technico-\u00e9conomique et financi\u00e8re de cet important chantier. C\u2019est mon b\u00e9b\u00e9. Il faut que nous arrivions \u00e0 le r\u00e9aliser \u00bb, a-t-il insist\u00e9.<\/p>\n<p>Selon lui, cette infrastructure constitue un levier essentiel de formalisation du secteur informel. \u00ab Nous nous donnerons les moyens de r\u00e9aliser cette casse moderne, car elle repr\u00e9sente une porte d\u2019entr\u00e9e essentielle vers l\u2019organisation et la modernisation de ce secteur \u00bb, a-t-il assur\u00e9.<\/p>\n<p><strong>Souleymane Diarrassouba revendique neuf ann\u00e9es de r\u00e9formes structurantes<\/strong><\/p>\n<p>Le ministre sortant, Dr Souleymane Diarrassouba, a dress\u00e9 le bilan de neuf ann\u00e9es d\u2019actions marqu\u00e9es par une transformation en profondeur du commerce, de l\u2019industrie et de l\u2019\u00e9cosyst\u00e8me des PME.<\/p>\n<p>\u00ab L\u2019am\u00e9lioration des conditions de vie des populations et le d\u00e9veloppement du secteur priv\u00e9 ont \u00e9t\u00e9 au c\u0153ur de nos actions \u00bb, a-t-il affirm\u00e9.<\/p>\n<p>Il a soulign\u00e9 la progression significative de la contribution du commerce et de l\u2019industrie \u00e0 la richesse nationale, avec une valeur ajout\u00e9e du commerce pass\u00e9e de 4 947 milliards FCFA en 2017 \u00e0 8 639,9 milliards FCFA en 2025, et celle de l\u2019industrie port\u00e9e \u00e0 14 104 milliards FCFA. La lutte contre la vie ch\u00e8re, la modernisation des outils de commerce ext\u00e9rieur et le transfert du si\u00e8ge de l\u2019Organisation internationale du cacao \u00e0 Abidjan figurent \u00e9galement parmi les acquis \u00e9voqu\u00e9s.<\/p>\n<p>En quittant ses fonctions, Souleymane Diarrassouba a d\u00e9clar\u00e9 laisser \u00ab une maison solide, b\u00e2tie autour de piliers robustes \u00bb, se disant convaincu que son successeur saura conduire les prochaines mutations : \u00ab Le commerce de demain sera digital, l\u2019industrie technologique et les PME connect\u00e9es \u00bb.<\/p>\n<p>&nbsp;<\/p>\n<p><strong>Olivier Dion<\/strong><\/p>\n<p>&nbsp;<\/p>\n<p>&nbsp;<\/p>\n","protected":false},"excerpt":{"rendered":"<p>Officiellement entr\u00e9 en fonction le mercredi 28 janvier 2026 en qualit\u00e9 de ministre du Commerce, de l\u2019Industrie et de l\u2019Artisanat, Ibrahim Kalil Konat\u00e9 a r\u00e9affirm\u00e9 sa d\u00e9termination \u00e0 poursuivre et \u00e0 acc\u00e9l\u00e9rer les projets structurants de son d\u00e9partement, au premier rang desquels figure la construction de la casse moderne de N\u2019Dotr\u00e9. La c\u00e9r\u00e9monie de passation [&hellip;]<\/p>\n","protected":false},"author":4,"featured_media":42129,"comment_status":"closed","ping_status":"closed","sticky":false,"template":"","format":"standard","meta":{"_monsterinsights_skip_tracking":false,"_monsterinsights_sitenote_active":false,"_monsterinsights_sitenote_note":"","_monsterinsights_sitenote_category":0,"footnotes":""},"categories":[2,18,3],"tags":[6967,3179,6968,1900],"class_list":["post-42128","post","type-post","status-publish","format-standard","has-post-thumbnail","hentry","category-featured","category-economie","category-societe","tag-construction-de-la-casse-de-ndotre","tag-ibrahim-kalil-konate","tag-les-moyens","tag-projet"],"_links":{"self":[{"href":"https:\/\/www.lintelligentdabidjan.info\/news\/wp-json\/wp\/v2\/posts\/42128","targetHints":{"allow":["GET"]}}],"collection":[{"href":"https:\/\/www.lintelligentdabidjan.info\/news\/wp-json\/wp\/v2\/posts"}],"about":[{"href":"https:\/\/www.lintelligentdabidjan.info\/news\/wp-json\/wp\/v2\/types\/post"}],"author":[{"embeddable":true,"href":"https:\/\/www.lintelligentdabidjan.info\/news\/wp-json\/wp\/v2\/users\/4"}],"replies":[{"embeddable":true,"href":"https:\/\/www.lintelligentdabidjan.info\/news\/wp-json\/wp\/v2\/comments?post=42128"}],"version-history":[{"count":1,"href":"https:\/\/www.lintelligentdabidjan.info\/news\/wp-json\/wp\/v2\/posts\/42128\/revisions"}],"predecessor-version":[{"id":42130,"href":"https:\/\/www.lintelligentdabidjan.info\/news\/wp-json\/wp\/v2\/posts\/42128\/revisions\/42130"}],"wp:featuredmedia":[{"embeddable":true,"href":"https:\/\/www.lintelligentdabidjan.info\/news\/wp-json\/wp\/v2\/media\/42129"}],"wp:attachment":[{"href":"https:\/\/www.lintelligentdabidjan.info\/news\/wp-json\/wp\/v2\/media?parent=42128"}],"wp:term":[{"taxonomy":"category","embeddable":true,"href":"https:\/\/www.lintelligentdabidjan.info\/news\/wp-json\/wp\/v2\/categories?post=42128"},{"taxonomy":"post_tag","embeddable":true,"href":"https:\/\/www.lintelligentdabidjan.info\/news\/wp-json\/wp\/v2\/tags?post=42128"}],"curies":[{"name":"wp","href":"https:\/\/api.w.org\/{rel}","templated":true}]}}