{"id":42131,"date":"2026-01-29T06:20:21","date_gmt":"2026-01-29T05:20:21","guid":{"rendered":"https:\/\/www.lintelligentdabidjan.info\/news\/?p=42131"},"modified":"2026-01-29T06:20:54","modified_gmt":"2026-01-29T05:20:54","slug":"cote-divoire-charles-ble-goude-appelle-a-des-reformes-institutionnelles-et-electorales","status":"publish","type":"post","link":"https:\/\/www.lintelligentdabidjan.info\/news\/cote-divoire-charles-ble-goude-appelle-a-des-reformes-institutionnelles-et-electorales\/","title":{"rendered":"C\u00f4te d\u2019Ivoire : Charles Bl\u00e9 Goud\u00e9 appelle \u00e0 des r\u00e9formes institutionnelles et \u00e9lectorales\u00a0\u00a0"},"content":{"rendered":"<p><strong>Le pr\u00e9sident du Congr\u00e8s pour la justice et l\u2019\u00e9galit\u00e9 des peuples (COJEP), Charles Bl\u00e9 Goud\u00e9, a anim\u00e9, mercredi 28 janvier 2026, une conf\u00e9rence publique\u00a0 \u00e0 la Maison de la Presse d\u2019Abidjan (MPA).\u00a0 \u00a0\u00a0<\/strong><\/p>\n<p>Bl\u00e9 Goud\u00e9\u00a0 a \u00e9voqu\u00e9\u00a0 le d\u00e9sint\u00e9r\u00eat des citoyens pour les processus \u00e9lectoraux. \u00c0 titre d\u2019exemple, il a cit\u00e9 la commune de Cocody. \u00ab Plus de 300 000 \u00e9lecteurs sont inscrits sur la liste \u00e9lectorale \u00e0 Cocody, mais lors de la derni\u00e8re \u00e9lection l\u00e9gislative, \u00e0 peine 30 000 ont vot\u00e9 \u00bb, a-t-il relev\u00e9, d\u00e9non\u00e7ant un taux de participation extr\u00eamement faible.<\/p>\n<p>Pour le leader du COJEP, cette situation traduit une rupture entre le peuple et la classe politique. \u00ab Il faut adresser ces questions. Il faut r\u00e9concilier notre peuple avec ses institutions, il faut r\u00e9concilier notre peuple avec la politique \u00bb, a-t-il dit, appelant \u00e0 tirer profit du climat de calme actuel pour relancer les discussions sur les r\u00e9formes institutionnelles et \u00e9lectorales rest\u00e9es en suspens.<\/p>\n<p>Charles Bl\u00e9 Goud\u00e9 a notamment plaid\u00e9 pour un encadrement des budgets de campagnes \u00e9lectorales, estimant que l\u2019origine des financements demeure souvent opaque. Il a d\u00e9nonc\u00e9 certaines pratiques qu\u2019il consid\u00e8re comme des d\u00e9rives du syst\u00e8me actuel. Abordant l\u2019organisation institutionnelle, il a sugg\u00e9r\u00e9 la suppression de structures jug\u00e9es non prioritaires au regard des r\u00e9alit\u00e9s socio-\u00e9conomiques, tout en estimant n\u00e9cessaire de faire un choix entre un ex\u00e9cutif avec Premier ministre ou avec vice-pr\u00e9sident. Il a enfin remis en cause l\u2019utilit\u00e9 de certaines fonctions, dont celle de grand m\u00e9diateur de la R\u00e9publique. \u00ab Dites-moi, avez-vous souvenance d\u2019un seul conflit qu\u2019il ait r\u00e9gl\u00e9 dans ce pays ? \u00bb, a-t-il interrog\u00e9, ainsi que le r\u00f4le des ministres, gouverneurs, qu\u2019il juge redondant face aux autorit\u00e9s locales existantes.<\/p>\n<p>&nbsp;<\/p>\n<p><strong>Mamadou Ouattara avec Ly Abdul\u00a0<\/strong><\/p>\n<p>&nbsp;<\/p>\n<p>&nbsp;<\/p>\n<p>&nbsp;<\/p>\n<p>&nbsp;<\/p>\n<p>&nbsp;<\/p>\n<p>&nbsp;<\/p>\n<p>&nbsp;<\/p>\n","protected":false},"excerpt":{"rendered":"<p>Le pr\u00e9sident du Congr\u00e8s pour la justice et l\u2019\u00e9galit\u00e9 des peuples (COJEP), Charles Bl\u00e9 Goud\u00e9, a anim\u00e9, mercredi 28 janvier 2026, une conf\u00e9rence publique\u00a0 \u00e0 la Maison de la Presse d\u2019Abidjan (MPA).\u00a0 \u00a0\u00a0 Bl\u00e9 Goud\u00e9\u00a0 a \u00e9voqu\u00e9\u00a0 le d\u00e9sint\u00e9r\u00eat des citoyens pour les processus \u00e9lectoraux. \u00c0 titre d\u2019exemple, il a cit\u00e9 la commune de Cocody. [&hellip;]<\/p>\n","protected":false},"author":4,"featured_media":42133,"comment_status":"closed","ping_status":"closed","sticky":false,"template":"","format":"standard","meta":{"footnotes":""},"categories":[2,17],"tags":[150,77,6970,6969],"class_list":["post-42131","post","type-post","status-publish","format-standard","has-post-thumbnail","hentry","category-featured","category-politique","tag-charles-ble-goude","tag-cote-divoire","tag-electorales","tag-reformes-institutionnelles"],"_links":{"self":[{"href":"https:\/\/www.lintelligentdabidjan.info\/news\/wp-json\/wp\/v2\/posts\/42131","targetHints":{"allow":["GET"]}}],"collection":[{"href":"https:\/\/www.lintelligentdabidjan.info\/news\/wp-json\/wp\/v2\/posts"}],"about":[{"href":"https:\/\/www.lintelligentdabidjan.info\/news\/wp-json\/wp\/v2\/types\/post"}],"author":[{"embeddable":true,"href":"https:\/\/www.lintelligentdabidjan.info\/news\/wp-json\/wp\/v2\/users\/4"}],"replies":[{"embeddable":true,"href":"https:\/\/www.lintelligentdabidjan.info\/news\/wp-json\/wp\/v2\/comments?post=42131"}],"version-history":[{"count":1,"href":"https:\/\/www.lintelligentdabidjan.info\/news\/wp-json\/wp\/v2\/posts\/42131\/revisions"}],"predecessor-version":[{"id":42134,"href":"https:\/\/www.lintelligentdabidjan.info\/news\/wp-json\/wp\/v2\/posts\/42131\/revisions\/42134"}],"wp:featuredmedia":[{"embeddable":true,"href":"https:\/\/www.lintelligentdabidjan.info\/news\/wp-json\/wp\/v2\/media\/42133"}],"wp:attachment":[{"href":"https:\/\/www.lintelligentdabidjan.info\/news\/wp-json\/wp\/v2\/media?parent=42131"}],"wp:term":[{"taxonomy":"category","embeddable":true,"href":"https:\/\/www.lintelligentdabidjan.info\/news\/wp-json\/wp\/v2\/categories?post=42131"},{"taxonomy":"post_tag","embeddable":true,"href":"https:\/\/www.lintelligentdabidjan.info\/news\/wp-json\/wp\/v2\/tags?post=42131"}],"curies":[{"name":"wp","href":"https:\/\/api.w.org\/{rel}","templated":true}]}}