{"id":42168,"date":"2026-02-01T09:08:05","date_gmt":"2026-02-01T08:08:05","guid":{"rendered":"https:\/\/www.lintelligentdabidjan.info\/news\/?p=42168"},"modified":"2026-02-01T10:53:33","modified_gmt":"2026-02-01T09:53:33","slug":"que-reprochez-vous-a-ouattara-la-reaction-dun-expert-en-securite-au-rugussement-de-tiani","status":"publish","type":"post","link":"https:\/\/www.lintelligentdabidjan.info\/news\/que-reprochez-vous-a-ouattara-la-reaction-dun-expert-en-securite-au-rugussement-de-tiani\/","title":{"rendered":"Que reprochez-vous \u00e0 Ouattara ? La r\u00e9action d&#8217;un expert en s\u00e9curit\u00e9 au \u00ab rugussement \u00bb de Tiani"},"content":{"rendered":"<div dir=\"ltr\"><strong>POL\u00c9MIQUE &#8211; Suite \u00e0 l&#8217;attaque de l&#8217;a\u00e9roport de Niamey et aux menaces de Tiani, l&#8217;expert ivoirien en s\u00e9curit\u00e9 Serikpa Zokou Andr\u00e9 r\u00e9v\u00e8le sans d\u00e9tours : l&#8217;avion ivoirien a \u00e9t\u00e9 cibl\u00e9, et le syst\u00e8me de renseignement nig\u00e9rien a \u00e9chou\u00e9.<\/strong><\/div>\n<div dir=\"ltr\"><\/div>\n<div dir=\"ltr\"><\/div>\n<div dir=\"ltr\">Serikpa Zokou Andr\u00e9, sp\u00e9cialiste des questions s\u00e9curitaires, r\u00e9pond aux d\u00e9clarations du pr\u00e9sident nig\u00e9rien du 29 janvier 2026. Dans cette lettre ouverte \u00e0 celui \u00e0 qui il donne la formule &#8220;Son Excellence&#8221;, l&#8217;expert ivoirien d\u00e9nonce des propos \u00ab diffamatoires \u00bb, une menace inacceptable envers la C\u00f4te d\u2019Ivoire, et avance que l\u2019avion de la compagnie nationale a \u00e9t\u00e9 \u00ab d\u00e9lib\u00e9r\u00e9ment d\u00e9truit \u00bb sur le tarmac de Niamey, par les forces nig\u00e9riennes qui n\u2019ont m\u00eame pas daign\u00e9 \u00e9voquer les coups subis par cet avion dans leur communiqu\u00e9 officiel. Retour sur les grands points de cette charge, qui invoque l\u2019histoire commune, le droit d\u2019a\u00eenesse et la faillite des syst\u00e8mes de s\u00e9curit\u00e9 nig\u00e9riens.<\/div>\n<div dir=\"ltr\"><\/div>\n<div dir=\"ltr\"><\/div>\n<div dir=\"ltr\"><strong>La C\u00f4te d&#8217;Ivoire , tout comme le Niger pour les victimes et les pertes , a besoin de mots de compassion et non de bellig\u00e9rance &#8230;<\/strong><\/div>\n<div dir=\"ltr\"><\/div>\n<div dir=\"ltr\"><\/div>\n<div dir=\"ltr\">Excellence,<\/div>\n<div dir=\"ltr\"><\/div>\n<div dir=\"ltr\">Je m\u2019adresse \u00e0 vous, non en cyber-activiste, mais en homme engag\u00e9 pour la paix et la s\u00e9curit\u00e9 des personnes et des biens.<\/div>\n<div dir=\"ltr\">Ce message est un appel \u00e0 l\u2019apaisement et au respect du droit d\u2019a\u00eenesse cher \u00e0 notre soci\u00e9t\u00e9 africaine.<\/div>\n<div dir=\"ltr\"><\/div>\n<div dir=\"ltr\">Excellence, vos r\u00e9cents propos tenus depuis l\u2019a\u00e9roport de Niamey le 29 janvier 2026, mena\u00e7ant le pr\u00e9sident Ouattara et le peuple ivoirien, ont provoqu\u00e9 indignation et sentiment de col\u00e8re ou m\u00eame de haine chez les Ivoiriens et les ivoiriennes, car ce que vous avez dit, est une vraie sortie de route.<\/div>\n<div dir=\"ltr\"><\/div>\n<div dir=\"ltr\">Alors que votre gouvernement et le groupe JNIM ont communiqu\u00e9 sur l\u2019attaque, je m\u2019interroge : que reprochez-vous r\u00e9ellement au pr\u00e9sident ivoirien, dont le pays est \u00e0 des milliers de kilom\u00e8tres du votre , d&#8217;autant plus qu&#8217;aucun Ivoirien n\u2019est identifi\u00e9 parmi les assaillants.<\/div>\n<div dir=\"ltr\"><\/div>\n<div dir=\"ltr\">Vos accusations et menaces me conduisent \u00e0 une conclusion : l\u2019avion civil Air C\u00f4te d\u2019Ivoire, stationn\u00e9 sur votre tarmac en attente de passagers, a \u00e9t\u00e9 d\u00e9lib\u00e8rement d\u00e9truit par vous et vos hommes. Cet appareil visible qui est un avion commercial et non militaire a \u00e9t\u00e9 cribl\u00e9 de balles. Il n&#8217;\u00e9tait pas un avion de combat. Mais cet avion parce qu&#8217;il est ivoirien n&#8217;a pas eu droit \u00e0 votre compassion. Il n&#8217;a pas \u00e9t\u00e9 digne de figurer dans le bilan, tout simplement pour alimenter votre narratif anti Ouattara. \u00c9tait-ce au Pr\u00e9sident Alassane Ouattara d\u2019assurer la s\u00e9curit\u00e9 de votre territoire ?<\/div>\n<div dir=\"ltr\"><\/div>\n<div dir=\"ltr\">En pareille circonstance, la tradition africaine commande des mots de compassion envers l\u2019a\u00een\u00e9 qui subit aussi un pr\u00e9judice, et qui partage la peine des victimes du Niger . Comment faites-vous m\u00eame pour croire que Son Excellence Alassane Ouattara peut \u00eatre parrain des rebelles ! N&#8217;est-ce pas gros quand m\u00eame ?<\/div>\n<div dir=\"ltr\"><\/div>\n<div dir=\"ltr\">Votre syst\u00e8me de s\u00e9curit\u00e9 a failli dans sa veille, avant, pendant et apr\u00e8s l\u2019attaque.<\/div>\n<div dir=\"ltr\"><\/div>\n<div dir=\"ltr\">Excellence, je vous invite \u00e0 consulter les archives pour mesurer la profondeur des liens s\u00e9culaires entre nos nations, de Kountch\u00e9 et Diori \u00e0 Houphou\u00ebt-Boigny. Le pr\u00e9sident Alassane Ouattara est l\u2019h\u00e9ritier de ce dernier. Lui manquer de respect, et oublier tous vos compatriotes qui sont les nig\u00e9riens en toute hospitalit\u00e9s et fraternit\u00e9 c\u2019est attirer sur vous tous les \u00ab magnans du colatier ivoirien \u00bb. Je vous le d\u00e9conseille, en fr\u00e8re Excellence.<\/div>\n<div dir=\"ltr\"><\/div>\n<div dir=\"ltr\">Vive la paix et la concorde africaines.<\/div>\n<div dir=\"ltr\"><\/div>\n<div dir=\"ltr\"><strong>Fait \u00e0 Abidjan, le 30 janvier 2026<\/strong><\/div>\n<div dir=\"ltr\"><\/div>\n<div dir=\"ltr\"><strong>Serikpa Z. Andr\u00e9<\/strong><\/div>\n<div dir=\"ltr\"><strong>Sp\u00e9cialiste des questions s\u00e9curitaires<\/strong><\/div>\n","protected":false},"excerpt":{"rendered":"<p>POL\u00c9MIQUE &#8211; Suite \u00e0 l&#8217;attaque de l&#8217;a\u00e9roport de Niamey et aux menaces de Tiani, l&#8217;expert ivoirien en s\u00e9curit\u00e9 Serikpa Zokou Andr\u00e9 r\u00e9v\u00e8le sans d\u00e9tours : l&#8217;avion ivoirien a \u00e9t\u00e9 cibl\u00e9, et le syst\u00e8me de renseignement nig\u00e9rien a \u00e9chou\u00e9. Serikpa Zokou Andr\u00e9, sp\u00e9cialiste des questions s\u00e9curitaires, r\u00e9pond aux d\u00e9clarations du pr\u00e9sident nig\u00e9rien du 29 janvier 2026. [&hellip;]<\/p>\n","protected":false},"author":4,"featured_media":42169,"comment_status":"closed","ping_status":"closed","sticky":false,"template":"","format":"standard","meta":{"footnotes":""},"categories":[2,17],"tags":[6987,6986,34,6988],"class_list":["post-42168","post","type-post","status-publish","format-standard","has-post-thumbnail","hentry","category-featured","category-politique","tag-expert-en-securite","tag-la-reaction","tag-ouattara","tag-tiani"],"_links":{"self":[{"href":"https:\/\/www.lintelligentdabidjan.info\/news\/wp-json\/wp\/v2\/posts\/42168","targetHints":{"allow":["GET"]}}],"collection":[{"href":"https:\/\/www.lintelligentdabidjan.info\/news\/wp-json\/wp\/v2\/posts"}],"about":[{"href":"https:\/\/www.lintelligentdabidjan.info\/news\/wp-json\/wp\/v2\/types\/post"}],"author":[{"embeddable":true,"href":"https:\/\/www.lintelligentdabidjan.info\/news\/wp-json\/wp\/v2\/users\/4"}],"replies":[{"embeddable":true,"href":"https:\/\/www.lintelligentdabidjan.info\/news\/wp-json\/wp\/v2\/comments?post=42168"}],"version-history":[{"count":4,"href":"https:\/\/www.lintelligentdabidjan.info\/news\/wp-json\/wp\/v2\/posts\/42168\/revisions"}],"predecessor-version":[{"id":42174,"href":"https:\/\/www.lintelligentdabidjan.info\/news\/wp-json\/wp\/v2\/posts\/42168\/revisions\/42174"}],"wp:featuredmedia":[{"embeddable":true,"href":"https:\/\/www.lintelligentdabidjan.info\/news\/wp-json\/wp\/v2\/media\/42169"}],"wp:attachment":[{"href":"https:\/\/www.lintelligentdabidjan.info\/news\/wp-json\/wp\/v2\/media?parent=42168"}],"wp:term":[{"taxonomy":"category","embeddable":true,"href":"https:\/\/www.lintelligentdabidjan.info\/news\/wp-json\/wp\/v2\/categories?post=42168"},{"taxonomy":"post_tag","embeddable":true,"href":"https:\/\/www.lintelligentdabidjan.info\/news\/wp-json\/wp\/v2\/tags?post=42168"}],"curies":[{"name":"wp","href":"https:\/\/api.w.org\/{rel}","templated":true}]}}