{"id":42191,"date":"2026-02-02T06:19:53","date_gmt":"2026-02-02T05:19:53","guid":{"rendered":"https:\/\/www.lintelligentdabidjan.info\/news\/?p=42191"},"modified":"2026-02-02T06:20:00","modified_gmt":"2026-02-02T05:20:00","slug":"district-autonome-de-yamoussoukro-lappel-daugustin-thiam-a-la-majorite-presidentielle-et-opposition","status":"publish","type":"post","link":"https:\/\/www.lintelligentdabidjan.info\/news\/district-autonome-de-yamoussoukro-lappel-daugustin-thiam-a-la-majorite-presidentielle-et-opposition\/","title":{"rendered":"District autonome de Yamoussoukro: L&#8217;appel d&#8217;Augustin Thiam\u00a0 \u00e0 la\u00a0 majorit\u00e9 pr\u00e9sidentielle et opposition\u00a0\u00a0"},"content":{"rendered":"<p><strong>Reconduit ministre, gouverneur du district autonome de Yamoussoukro,\u00a0 Augustin Thiam a \u00e9t\u00e9 accueilli par les populations, le vendredi 30 janvier 2026 dans la capitale politique ivoirienne. Il a exprim\u00e9 sa gratitude au pr\u00e9sident Alassane Ouattara et lanc\u00e9 un appel \u00e0 la paix et au dialogue politique.<\/strong><\/p>\n<p>Les populations de Yamoussoukro ont r\u00e9serv\u00e9, le vendredi 30 janvier 2026, un accueil chaleureux au ministre, gouverneur du district autonome,\u00a0 Augustin Thiam, r\u00e9cemment reconduit dans ses fonctions par le pr\u00e9sident de la R\u00e9publique, Alassane Ouattara. Cette mobilisation, r\u00e9unissant autorit\u00e9s traditionnelles, \u00e9lus, militants et travailleurs du district, traduisait la reconnaissance d\u2019un leadership ancr\u00e9 dans la proximit\u00e9 et l\u2019action.<\/p>\n<p>Dans son adresse,\u00a0 le ministre Augustin Thiam a exprim\u00e9 sa gratitude au chef de l\u2019\u00c9tat pour la confiance renouvel\u00e9e, qualifiant cette reconduction d\u2019\u00ab honneur redoutable \u00bb qui appelle rigueur et engagement.<\/p>\n<p>Revenant sur sa r\u00e9cente \u00e9lection aux l\u00e9gislatives du 27 d\u00e9cembre 2025, le ministre, gouverneur a clarifi\u00e9, les d\u00e9bats li\u00e9s \u00e0 l\u2019\u00e9ligibilit\u00e9 et \u00e0 l\u2019incompatibilit\u00e9, r\u00e9affirmant son attachement strict au droit et au respect des institutions r\u00e9publicaines.<\/p>\n<p>Au-del\u00e0 des enjeux locaux, Augustin Thiam a surtout appel\u00e9 \u00e0 l\u2019apaisement du climat politique national. Se r\u00e9clamant de l\u2019h\u00e9ritage du dialogue pr\u00f4n\u00e9 par le pr\u00e9sident F\u00e9lix Houphou\u00ebt-Boigny, il a invit\u00e9 majorit\u00e9 pr\u00e9sidentielle et opposition \u00e0 privil\u00e9gier la concertation. \u00ab On peut s\u2019opposer sans injurier, sans invectiver, sans se calomnier \u00bb, a-t-il insist\u00e9, plaidant pour une paix sociale et politique durable.<\/p>\n<p>Convaincu que \u00ab l\u2019intelligence collective est sup\u00e9rieure \u00e0 l\u2019intelligence individuelle \u00bb, le ministre, gouverneur a exhort\u00e9 les populations \u00e0 rester unies afin de poursuivre les projets de d\u00e9veloppement engag\u00e9s dans le district, faisant de Yamoussoukro un symbole de stabilit\u00e9, de coh\u00e9sion et d\u2019esp\u00e9rance pour la C\u00f4te d\u2019Ivoire.<\/p>\n<p><strong>Harry Diallo depuis Yamoussoukro\u00a0<\/strong><\/p>\n<p>&nbsp;<\/p>\n<p>&nbsp;<\/p>\n<p>&nbsp;<\/p>\n<p>&nbsp;<\/p>\n<p>&nbsp;<\/p>\n<p>&nbsp;<\/p>\n<p>&nbsp;<\/p>\n<p>&nbsp;<\/p>\n","protected":false},"excerpt":{"rendered":"<p>Reconduit ministre, gouverneur du district autonome de Yamoussoukro,\u00a0 Augustin Thiam a \u00e9t\u00e9 accueilli par les populations, le vendredi 30 janvier 2026 dans la capitale politique ivoirienne. Il a exprim\u00e9 sa gratitude au pr\u00e9sident Alassane Ouattara et lanc\u00e9 un appel \u00e0 la paix et au dialogue politique. Les populations de Yamoussoukro ont r\u00e9serv\u00e9, le vendredi 30 [&hellip;]<\/p>\n","protected":false},"author":4,"featured_media":42192,"comment_status":"closed","ping_status":"closed","sticky":false,"template":"","format":"standard","meta":{"footnotes":""},"categories":[2,17],"tags":[6990,6991,6992,649,4599],"class_list":["post-42191","post","type-post","status-publish","format-standard","has-post-thumbnail","hentry","category-featured","category-politique","tag-district-autonome-de-yamoussoukro","tag-lappel-daugustin-thiam","tag-la-majorite","tag-opposition","tag-presidentielle"],"_links":{"self":[{"href":"https:\/\/www.lintelligentdabidjan.info\/news\/wp-json\/wp\/v2\/posts\/42191","targetHints":{"allow":["GET"]}}],"collection":[{"href":"https:\/\/www.lintelligentdabidjan.info\/news\/wp-json\/wp\/v2\/posts"}],"about":[{"href":"https:\/\/www.lintelligentdabidjan.info\/news\/wp-json\/wp\/v2\/types\/post"}],"author":[{"embeddable":true,"href":"https:\/\/www.lintelligentdabidjan.info\/news\/wp-json\/wp\/v2\/users\/4"}],"replies":[{"embeddable":true,"href":"https:\/\/www.lintelligentdabidjan.info\/news\/wp-json\/wp\/v2\/comments?post=42191"}],"version-history":[{"count":1,"href":"https:\/\/www.lintelligentdabidjan.info\/news\/wp-json\/wp\/v2\/posts\/42191\/revisions"}],"predecessor-version":[{"id":42193,"href":"https:\/\/www.lintelligentdabidjan.info\/news\/wp-json\/wp\/v2\/posts\/42191\/revisions\/42193"}],"wp:featuredmedia":[{"embeddable":true,"href":"https:\/\/www.lintelligentdabidjan.info\/news\/wp-json\/wp\/v2\/media\/42192"}],"wp:attachment":[{"href":"https:\/\/www.lintelligentdabidjan.info\/news\/wp-json\/wp\/v2\/media?parent=42191"}],"wp:term":[{"taxonomy":"category","embeddable":true,"href":"https:\/\/www.lintelligentdabidjan.info\/news\/wp-json\/wp\/v2\/categories?post=42191"},{"taxonomy":"post_tag","embeddable":true,"href":"https:\/\/www.lintelligentdabidjan.info\/news\/wp-json\/wp\/v2\/tags?post=42191"}],"curies":[{"name":"wp","href":"https:\/\/api.w.org\/{rel}","templated":true}]}}