{"id":42194,"date":"2026-02-02T06:30:34","date_gmt":"2026-02-02T05:30:34","guid":{"rendered":"https:\/\/www.lintelligentdabidjan.info\/news\/?p=42194"},"modified":"2026-02-02T06:30:43","modified_gmt":"2026-02-02T05:30:43","slug":"du-ballon-rond-aux-ciseaux-dor-cisse-ibrahim-parle-de-sa-reconversion","status":"publish","type":"post","link":"https:\/\/www.lintelligentdabidjan.info\/news\/du-ballon-rond-aux-ciseaux-dor-cisse-ibrahim-parle-de-sa-reconversion\/","title":{"rendered":"\u00a0Du ballon rond aux ciseaux d\u2019or\u00a0 :Ciss\u00e9 Ibrahim parle de sa reconversion"},"content":{"rendered":"<p><strong>Ancien espoir du football ivoirien, Ciss\u00e9 Ibrahim, surnomm\u00e9 \u00ab le Proph\u00e8te \u00bb, a connu la d\u00e9sillusion du championnat local, l\u2019exil p\u00e9rilleux vers l\u2019Europe et l\u2019abandon de son r\u00eave de footballeur professionnel. De cette \u00e9preuve est n\u00e9e une nouvelle vocation, la coiffure. Aujourd\u2019hui coiffeur de c\u00e9l\u00e9brit\u00e9s et initiateur du Festival de la coiffure et de l\u2019artisanat, il raconte son parcours et lance un message \u00e0 la jeunesse africaine.<\/strong><\/p>\n<p><strong>\u00a0Votre premier r\u00eave \u00e9tait de devenir footballeur professionnel. Comment est n\u00e9e cette passion pour le football et quel a \u00e9t\u00e9 votre parcours en C\u00f4te d\u2019Ivoire ?<\/strong><\/p>\n<p>J\u2019ai grandi dans la commune d\u2019Abobo et vous savez tous que dans les quartiers populaires, le sport populaire, c\u2019est le football\u2026 Donc, c\u2019est depuis mon adolescence que j\u2019ai suivi les grands fr\u00e8res dans leur passion et, petit \u00e0 petit, j\u2019ai commenc\u00e9 \u00e0 jouer les tournois de quartier et \u00e0 int\u00e9grer des centres de formation dans la commune, avant d\u2019int\u00e9grer Ivoire Acad\u00e9mie \u00e0 Jacqueville. J\u2019ai aussi jou\u00e9 une saison avec le club ES Bingerville en Ligue 1 ivoirienne.<\/p>\n<p><strong>Apr\u00e8s plusieurs ann\u00e9es de formation et des exp\u00e9riences en club professionnel, vous avez pris la d\u00e9cision de quitter la C\u00f4te d\u2019Ivoire pour l\u2019Europe. Qu\u2019est-ce qui a motiv\u00e9 ce choix difficile ?<\/strong><\/p>\n<p>Mon d\u00e9part pour l\u2019Europe fait suite \u00e0 ma d\u00e9ception du championnat et surtout au fait que, pendant ma formation, on m\u2019avait fait savoir que nous allions jouer en Europe dans le club Charleroi en Belgique, o\u00f9 le pr\u00e9sident de notre acad\u00e9mie \u00e9tait propri\u00e9taire.<\/p>\n<p><strong>Le voyage vers l\u2019Europe par la mer est une \u00e9preuve extr\u00eamement risqu\u00e9e. Avec le recul, quel regard portez-vous aujourd\u2019hui sur cette exp\u00e9rience ?<\/strong><\/p>\n<p>Effectivement, le voyage par la mer \u00e9tait tr\u00e8s risqu\u00e9, mais la frustration avait tu\u00e9 ma peur et j\u2019\u00e9tais pr\u00eat \u00e0 tout pour rejoindre l\u2019Europe et r\u00e9aliser mon r\u00eave de footballeur.<\/p>\n<p>Aujourd\u2019hui, je r\u00e9alise que c\u2019\u00e9tait une d\u00e9cision tr\u00e8s dangereuse que je d\u00e9conseillerais aux jeunes.<\/p>\n<p><strong>Une fois arriv\u00e9 en Europe, vous avez eu de brefs passages dans des clubs. Pourquoi avez-vous finalement d\u00e9cid\u00e9 d\u2019abandonner le football ?<\/strong><\/p>\n<p>La r\u00e9alit\u00e9 sur le terrain \u00e9tait diff\u00e9rente et les conditions n\u2019\u00e9taient pas r\u00e9unies pour moi pour faire une bonne carri\u00e8re.<\/p>\n<p>Apr\u00e8s mon passage au club d\u2019Ujpest en Hongrie. Il fallait se battre pour la survie, vu que je devais travailler pour vivre et aider la famille.<\/p>\n<p><strong>La coiffure est devenue votre seconde passion puis votre m\u00e9tier. Comment s\u2019est op\u00e9r\u00e9e cette reconversion et qu\u2019est-ce qui vous a attir\u00e9 dans ce domaine ?<\/strong><\/p>\n<p>La coiffure, pour moi, \u00e9tait un loisir, vu que depuis mon enfance je savais faire plusieurs petits m\u00e9tiers naturellement, comme la cordonnerie et aussi fabriquer des colliers\u2026<\/p>\n<p>Et un jour, j\u2019ai \u00e9t\u00e9 sollicit\u00e9 pour remplacer un coiffeur dans un barbershop et, depuis, j\u2019ai d\u00e9couvert une autre passion qui m\u2019a donn\u00e9 envie de continuer.<\/p>\n<p><strong>Aujourd\u2019hui, vous \u00eates coiffeur professionnel, vous avez coiff\u00e9 des stars et m\u00eame l\u2019\u00e9quipe nationale de football du Burkina Faso. Que repr\u00e9sente cette reconnaissance pour vous ?<\/strong><\/p>\n<p>Aujourd\u2019hui, je me sens chanceux d\u2019\u00eatre le coiffeur de plusieurs c\u00e9l\u00e9brit\u00e9s et mon exp\u00e9rience avec l\u2019\u00e9quipe nationale du Burkina reste quelque chose de sp\u00e9cial et d\u2019inexplicable. Vivre la CAN au c\u0153ur d\u2019une s\u00e9lection nationale est une belle opportunit\u00e9 et une cr\u00e9dibilit\u00e9 qui confirme mon statut.<\/p>\n<p><strong>Vous \u00eates \u00e9galement l\u2019initiateur du premier Festival de la coiffure et de l\u2019artisanat. Comment est n\u00e9e cette id\u00e9e et quels sont les objectifs de cet \u00e9v\u00e9nement ?<\/strong><\/p>\n<p>\u00c0 travers ce festival, je raconte mon parcours aux jeunes afin de les \u00e9viter de faire les m\u00eames erreurs que moi.<\/p>\n<p>J\u2019ai toujours \u00e9t\u00e9 quelqu\u2019un de sociable et qui aime r\u00e9unir les gens, alors je me suis dit pourquoi ne pas m\u2019en servir pour \u00eatre utile \u00e0 ceux qui en ont besoin.<\/p>\n<p><strong>Selon vous, en quoi l\u2019apprentissage des m\u00e9tiers et de l\u2019artisanat peut-il \u00eatre une solution durable pour l\u2019autonomisation de la jeunesse ivoirienne ?<\/strong><\/p>\n<p>L\u2019avenir, pour moi, doit passer obligatoirement par la formation et une grande partie de la jeunesse est dans l\u2019abandon, donc pour leur donner une seconde chance dans la vie. Il faut les encourager \u00e0 apprendre des m\u00e9tiers afin d\u2019\u00eatre autonomes et utiles dans la soci\u00e9t\u00e9.<\/p>\n<p><strong>Pour terminer, quel message aimeriez-vous adresser aux jeunes qui r\u00eavent de r\u00e9ussir, mais qui h\u00e9sitent entre partir \u00e0 l\u2019aventure ou se former \u00e0 un m\u00e9tier chez eux ?<\/strong><\/p>\n<p>Mon message pour la jeunesse est d\u2019arr\u00eater de r\u00eaver et de croire que leur bonheur est li\u00e9 \u00e0 la vie en Europe. L\u2019Afrique est consid\u00e9r\u00e9e comme l\u2019avenir et l\u2019avenir doit passer par eux, alors il faut se r\u00e9veiller et se mettre au travail. J\u2019ai tendance \u00e0 dire aux jeunes de ne pas r\u00eaver dans le r\u00eave. Parce que m\u00eame en Europe, il faut arriver avec un savoir-faire, sinon c\u2019est aller au suicide.<\/p>\n<p><strong>Interview r\u00e9alis\u00e9e par Ly Abdul\u00a0<\/strong><\/p>\n<p>&nbsp;<\/p>\n","protected":false},"excerpt":{"rendered":"<p>Ancien espoir du football ivoirien, Ciss\u00e9 Ibrahim, surnomm\u00e9 \u00ab le Proph\u00e8te \u00bb, a connu la d\u00e9sillusion du championnat local, l\u2019exil p\u00e9rilleux vers l\u2019Europe et l\u2019abandon de son r\u00eave de footballeur professionnel. De cette \u00e9preuve est n\u00e9e une nouvelle vocation, la coiffure. Aujourd\u2019hui coiffeur de c\u00e9l\u00e9brit\u00e9s et initiateur du Festival de la coiffure et de l\u2019artisanat, [&hellip;]<\/p>\n","protected":false},"author":4,"featured_media":42195,"comment_status":"closed","ping_status":"closed","sticky":false,"template":"","format":"standard","meta":{"footnotes":""},"categories":[2,3],"tags":[6994,6993,6995],"class_list":["post-42194","post","type-post","status-publish","format-standard","has-post-thumbnail","hentry","category-featured","category-societe","tag-cisse-ibrahim","tag-du-ballon-rond-aux-ciseaux-dor","tag-reconversion"],"_links":{"self":[{"href":"https:\/\/www.lintelligentdabidjan.info\/news\/wp-json\/wp\/v2\/posts\/42194","targetHints":{"allow":["GET"]}}],"collection":[{"href":"https:\/\/www.lintelligentdabidjan.info\/news\/wp-json\/wp\/v2\/posts"}],"about":[{"href":"https:\/\/www.lintelligentdabidjan.info\/news\/wp-json\/wp\/v2\/types\/post"}],"author":[{"embeddable":true,"href":"https:\/\/www.lintelligentdabidjan.info\/news\/wp-json\/wp\/v2\/users\/4"}],"replies":[{"embeddable":true,"href":"https:\/\/www.lintelligentdabidjan.info\/news\/wp-json\/wp\/v2\/comments?post=42194"}],"version-history":[{"count":1,"href":"https:\/\/www.lintelligentdabidjan.info\/news\/wp-json\/wp\/v2\/posts\/42194\/revisions"}],"predecessor-version":[{"id":42196,"href":"https:\/\/www.lintelligentdabidjan.info\/news\/wp-json\/wp\/v2\/posts\/42194\/revisions\/42196"}],"wp:featuredmedia":[{"embeddable":true,"href":"https:\/\/www.lintelligentdabidjan.info\/news\/wp-json\/wp\/v2\/media\/42195"}],"wp:attachment":[{"href":"https:\/\/www.lintelligentdabidjan.info\/news\/wp-json\/wp\/v2\/media?parent=42194"}],"wp:term":[{"taxonomy":"category","embeddable":true,"href":"https:\/\/www.lintelligentdabidjan.info\/news\/wp-json\/wp\/v2\/categories?post=42194"},{"taxonomy":"post_tag","embeddable":true,"href":"https:\/\/www.lintelligentdabidjan.info\/news\/wp-json\/wp\/v2\/tags?post=42194"}],"curies":[{"name":"wp","href":"https:\/\/api.w.org\/{rel}","templated":true}]}}