{"id":42197,"date":"2026-02-02T06:35:01","date_gmt":"2026-02-02T05:35:01","guid":{"rendered":"https:\/\/www.lintelligentdabidjan.info\/news\/?p=42197"},"modified":"2026-02-02T06:35:38","modified_gmt":"2026-02-02T05:35:38","slug":"congres-de-lunjci-marie-laure-ngoran-lance-sa-campagne-demain","status":"publish","type":"post","link":"https:\/\/www.lintelligentdabidjan.info\/news\/congres-de-lunjci-marie-laure-ngoran-lance-sa-campagne-demain\/","title":{"rendered":"Congr\u00e8s de l&#8217;UNJCI:  Marie-Laure N\u2019Goran lance sa campagne demain\u00a0"},"content":{"rendered":"<p><strong>Marie-Laure N\u2019Goran, candidate \u00e0 la pr\u00e9sidence de l\u2019Union nationale des journalistes de C\u00f4te d\u2019Ivoire (UNJCI) proc\u00e9dera au lancement officiel de sa campagne \u00e9lectorale le mardi 3 f\u00e9vrier 2026 \u00e0 la Maison de la Presse d\u2019Abidjan (MPA).<\/strong><\/p>\n<p>La c\u00e9r\u00e9monie devrait rassembler un large \u00e9ventail d\u2019acteurs du secteur des m\u00e9dias, notamment des journalistes de diff\u00e9rents organes de presse, des responsables d\u2019associations et d\u2019organisations professionnelles, des syndicats de presse ainsi que des partenaires institutionnels. Ce rendez-vous marquera une \u00e9tape cl\u00e9 dans le processus \u00e9lectoral de la fa\u00eeti\u00e8re des journalistes ivoiriens.<\/p>\n<p>Candidate \u00e0 la t\u00eate de la liste UNJCI Nouvelle Vision, Marie-Laure N\u2019Goran pr\u00e9sentera \u00e0 cette occasion les grandes orientations de son programme, qu\u2019elle d\u00e9crit comme une v\u00e9ritable feuille de route pour la transformation et la modernisation de l\u2019UNJCI. Ce projet s\u2019articule autour de cinq piliers structurants : l\u2019union de la corporation, le social, la formation, la gouvernance et la mise en \u0153uvre de grands chantiers structurants.<\/p>\n<p>Au c\u0153ur de cette vision figure le pilier de l\u2019Union, qui traduit la volont\u00e9 de la candidate de rassembler et de f\u00e9d\u00e9rer l\u2019ensemble des familles m\u00e9diatiques ivoiriennes. L\u2019objectif affich\u00e9 est de restaurer un climat de confiance et de coh\u00e9sion, fond\u00e9 sur l\u2019\u00e9coute, le respect mutuel et la responsabilit\u00e9 collective.<\/p>\n<p>Con\u00e7u pour r\u00e9pondre aux profondes mutations du paysage m\u00e9diatique et aux attentes croissantes des professionnels de l\u2019information, le programme se veut innovant, coh\u00e9rent et r\u00e9solument tourn\u00e9 vers l\u2019avenir. Il ambitionne de repositionner l\u2019UNJCI comme une institution forte, moderne, cr\u00e9dible et influente, tant au niveau national qu\u2019international.<\/p>\n<p>Au-del\u00e0 du lancement d\u2019une campagne \u00e9lectorale, la rencontre du 3 f\u00e9vrier est pr\u00e9sent\u00e9e comme un espace de dialogue et de partage, ouvrant une nouvelle dynamique au sein de la corporation. La campagne \u00e9lectorale, ouverte depuis le jeudi 29 janvier, s\u2019ach\u00e8vera le jeudi 12 f\u00e9vrier 2026.<\/p>\n<p><strong>Mamadou Ouattara<\/strong><\/p>\n<p>&nbsp;<\/p>\n<p>&nbsp;<\/p>\n<p>&nbsp;<\/p>\n<p>&nbsp;<\/p>\n","protected":false},"excerpt":{"rendered":"<p>Marie-Laure N\u2019Goran, candidate \u00e0 la pr\u00e9sidence de l\u2019Union nationale des journalistes de C\u00f4te d\u2019Ivoire (UNJCI) proc\u00e9dera au lancement officiel de sa campagne \u00e9lectorale le mardi 3 f\u00e9vrier 2026 \u00e0 la Maison de la Presse d\u2019Abidjan (MPA). La c\u00e9r\u00e9monie devrait rassembler un large \u00e9ventail d\u2019acteurs du secteur des m\u00e9dias, notamment des journalistes de diff\u00e9rents organes de [&hellip;]<\/p>\n","protected":false},"author":4,"featured_media":42198,"comment_status":"closed","ping_status":"closed","sticky":false,"template":"","format":"standard","meta":{"_monsterinsights_skip_tracking":false,"_monsterinsights_sitenote_active":false,"_monsterinsights_sitenote_note":"","_monsterinsights_sitenote_category":0,"footnotes":""},"categories":[2,20],"tags":[556,6996,2549],"class_list":["post-42197","post","type-post","status-publish","format-standard","has-post-thumbnail","hentry","category-featured","category-art-et-culture","tag-campagne","tag-congres-de-lunjci","tag-marie-laure-ngoran"],"_links":{"self":[{"href":"https:\/\/www.lintelligentdabidjan.info\/news\/wp-json\/wp\/v2\/posts\/42197","targetHints":{"allow":["GET"]}}],"collection":[{"href":"https:\/\/www.lintelligentdabidjan.info\/news\/wp-json\/wp\/v2\/posts"}],"about":[{"href":"https:\/\/www.lintelligentdabidjan.info\/news\/wp-json\/wp\/v2\/types\/post"}],"author":[{"embeddable":true,"href":"https:\/\/www.lintelligentdabidjan.info\/news\/wp-json\/wp\/v2\/users\/4"}],"replies":[{"embeddable":true,"href":"https:\/\/www.lintelligentdabidjan.info\/news\/wp-json\/wp\/v2\/comments?post=42197"}],"version-history":[{"count":1,"href":"https:\/\/www.lintelligentdabidjan.info\/news\/wp-json\/wp\/v2\/posts\/42197\/revisions"}],"predecessor-version":[{"id":42199,"href":"https:\/\/www.lintelligentdabidjan.info\/news\/wp-json\/wp\/v2\/posts\/42197\/revisions\/42199"}],"wp:featuredmedia":[{"embeddable":true,"href":"https:\/\/www.lintelligentdabidjan.info\/news\/wp-json\/wp\/v2\/media\/42198"}],"wp:attachment":[{"href":"https:\/\/www.lintelligentdabidjan.info\/news\/wp-json\/wp\/v2\/media?parent=42197"}],"wp:term":[{"taxonomy":"category","embeddable":true,"href":"https:\/\/www.lintelligentdabidjan.info\/news\/wp-json\/wp\/v2\/categories?post=42197"},{"taxonomy":"post_tag","embeddable":true,"href":"https:\/\/www.lintelligentdabidjan.info\/news\/wp-json\/wp\/v2\/tags?post=42197"}],"curies":[{"name":"wp","href":"https:\/\/api.w.org\/{rel}","templated":true}]}}