{"id":42223,"date":"2026-02-04T06:12:15","date_gmt":"2026-02-04T05:12:15","guid":{"rendered":"https:\/\/www.lintelligentdabidjan.info\/news\/?p=42223"},"modified":"2026-02-04T06:12:42","modified_gmt":"2026-02-04T05:12:42","slug":"mamadou-toure-la-question-de-lapres-alassane-ouattara-nest-pas-a-lordre-du-jour-au-sein-du-parti","status":"publish","type":"post","link":"https:\/\/www.lintelligentdabidjan.info\/news\/mamadou-toure-la-question-de-lapres-alassane-ouattara-nest-pas-a-lordre-du-jour-au-sein-du-parti\/","title":{"rendered":"Mamadou Tour\u00e9 : \u00ab La question de l\u2019apr\u00e8s Alassane Ouattara n\u2019est pas\u00a0 \u00e0 l\u2019ordre du jour au sein du parti \u00bb"},"content":{"rendered":"<p><strong>Dans un entretien accord\u00e9 \u00e0 Jeune Afrique dans sa parution du lundi 2 f\u00e9vrier 2026 , Mamadou Tour\u00e9, membre du directoire et porte-parole adjoint du RHDP, r\u00e9cemment reconduit au minist\u00e8re de la Promotion de la jeunesse lors du remaniement du 23 janvier 2026 et r\u00e9\u00e9lu d\u00e9put\u00e9 de Daloa, revient sur les enjeux de la gouvernance et de l\u2019inclusivit\u00e9 en C\u00f4te d\u2019Ivoire, tout en esquissant les orientations et priorit\u00e9s du parti dans un paysage politique en pleine recomposition.<\/strong><\/p>\n<p>Avec 197 si\u00e8ges sur 255, le RHDP a remport\u00e9 une victoire \u00e9crasante \u00e0 l\u2019Assembl\u00e9e nationale, suscitant de vives critiques de l\u2019opposition, qui \u00e9voque un risque de retour au parti unique. Pour Mamadou Tour\u00e9, ces accusations rel\u00e8vent davantage d\u2019une tentative de diversion que d\u2019une analyse politique s\u00e9rieuse. \u00ab L\u2019opposition ne peut pas nous rendre responsables de ses propres \u00e9checs \u00bb, tranche-t-il, pointant une strat\u00e9gie faite de boycotts, d\u2019incoh\u00e9rences et d\u2019absence de projet alternatif cr\u00e9dible. Le RHDP, soutient-il, r\u00e9colte les fruits d\u2019un long travail de structuration, de modernisation et d\u2019ancrage territorial, renforc\u00e9 par le bilan \u00e9conomique et social du pr\u00e9sident Alassane Ouattara.<\/p>\n<p>Interrog\u00e9 sur les critiques de Tidjane Thiam et de Laurent Gbagbo, tous deux absents du processus \u00e9lectoral pour des raisons juridiques distinctes, le ministre d\u00e9nonce un discours \u00ab populiste \u00bb et \u00ab mensonger \u00bb. Selon lui, parler de recul d\u00e9mocratique ou de climat sociopolitique d\u00e9l\u00e9t\u00e8re ne r\u00e9siste pas \u00e0 l\u2019examen des faits institutionnels et \u00e9lectoraux, l\u2019opposition demeurant repr\u00e9sent\u00e9e au Parlement avec 32 d\u00e9put\u00e9s.<\/p>\n<p>La question d\u2019un \u00e9ventuel retour du PDCI au sein du RHDP n\u2019est, \u00e0 ce stade, \u00ab pas d\u2019actualit\u00e9 \u00bb. Mamadou Tour\u00e9 rappelle toutefois que le parti pr\u00e9sidentiel reste un large rassemblement houphou\u00ebtiste, ouvert \u00e0 tous ceux qui partagent sa vision du d\u00e9veloppement et de la stabilit\u00e9 du pays.<\/p>\n<p>Concernant la faible participation \u00e9lectorale, estim\u00e9e \u00e0 35,04 % au plan national et \u00e0 18 % dans le district d\u2019Abidjan, le ministre appelle \u00e0 la prudence dans l\u2019interpr\u00e9tation des chiffres. Il souligne qu\u2019ils s\u2019inscrivent dans une tendance observ\u00e9e depuis plusieurs d\u00e9cennies et renvoie les acteurs politiques \u00e0 leur responsabilit\u00e9 de terrain pour remobiliser les \u00e9lecteurs.<\/p>\n<p>Sur les inqui\u00e9tudes li\u00e9es \u00e0 la r\u00e9partition des richesses et \u00e0 l\u2019inclusivit\u00e9, Mamadou Tour\u00e9 se veut cat\u00e9gorique : les politiques publiques profitent \u00e0 l\u2019ensemble des populations, sans distinction politique ou ethnique. Il cite notamment l\u2019\u00e9lectrification nationale pass\u00e9e de 33 % en 2011 \u00e0 97 % aujourd\u2019hui, ainsi que les investissements massifs dans les infrastructures sociales et les programmes en faveur de la jeunesse.<\/p>\n<p>Sur\u00a0 la transmission g\u00e9n\u00e9rationnelle, le ministre assure qu\u2019elle est d\u00e9j\u00e0 \u00e0 l\u2019\u0153uvre, tant dans l\u2019administration que dans le parti. Le RHDP, affirme-t-il, se structure pour durer, avec l\u2019ambition de gouverner la C\u00f4te d\u2019Ivoire sur le long terme, \u00e0 l\u2019image des grands partis dominants du continent. Une ligne claire : stabilit\u00e9, continuit\u00e9 et renouvellement ma\u00eetris\u00e9.<\/p>\n<p>\u00c0 la question de savoir comment le RHDP envisage l\u2019apr\u00e8s-Alassane Ouattara,\u00a0 Mamadou Tour\u00e9 a fait savoir que cette question n\u2019est pas \u00e0 l\u2019ordre du jour au sein du parti<\/p>\n<p>\u00ab Quelques mois avant la pr\u00e9sidentielle, lors du congr\u00e8s du parti, le chef de l\u2019\u00c9tat a \u00e9t\u00e9 r\u00e9\u00e9lu pour un mandat de cinq ans \u00e0 la t\u00eate du RHDP. Plusieurs textes ont \u00e9t\u00e9 modifi\u00e9s dans un souci de modernisation du parti et de renforcement de ses structures. La question de l\u2019apr\u00e8s Alassane Ouattara n\u2019est pas du tout \u00e0 l\u2019ordre du jour au sein du parti. Le pr\u00e9sident travaille \u00e0 la mise en place d\u2019un grand parti capable de gouverner la C\u00f4te d\u2019Ivoire les vingt-cinq prochaines ann\u00e9es, \u00e0 l\u2019image de l\u2019ANC en Afrique du Sud, qui est au pouvoir depuis plus de trente ans \u00bb, a-t-il soulign\u00e9 .<\/p>\n<p>&nbsp;<\/p>\n<p><strong>Tour\u00e9 Abdoulaye<\/strong><\/p>\n<p>&nbsp;<\/p>\n<p>&nbsp;<\/p>\n<p>&nbsp;<\/p>\n","protected":false},"excerpt":{"rendered":"<p>Dans un entretien accord\u00e9 \u00e0 Jeune Afrique dans sa parution du lundi 2 f\u00e9vrier 2026 , Mamadou Tour\u00e9, membre du directoire et porte-parole adjoint du RHDP, r\u00e9cemment reconduit au minist\u00e8re de la Promotion de la jeunesse lors du remaniement du 23 janvier 2026 et r\u00e9\u00e9lu d\u00e9put\u00e9 de Daloa, revient sur les enjeux de la gouvernance [&hellip;]<\/p>\n","protected":false},"author":4,"featured_media":42224,"comment_status":"closed","ping_status":"closed","sticky":false,"template":"","format":"standard","meta":{"_monsterinsights_skip_tracking":false,"_monsterinsights_sitenote_active":false,"_monsterinsights_sitenote_note":"","_monsterinsights_sitenote_category":0,"footnotes":""},"categories":[2,17],"tags":[39,7018,705],"class_list":["post-42223","post","type-post","status-publish","format-standard","has-post-thumbnail","hentry","category-featured","category-politique","tag-alassane-ouattara","tag-la-question","tag-mamadou-toure"],"_links":{"self":[{"href":"https:\/\/www.lintelligentdabidjan.info\/news\/wp-json\/wp\/v2\/posts\/42223","targetHints":{"allow":["GET"]}}],"collection":[{"href":"https:\/\/www.lintelligentdabidjan.info\/news\/wp-json\/wp\/v2\/posts"}],"about":[{"href":"https:\/\/www.lintelligentdabidjan.info\/news\/wp-json\/wp\/v2\/types\/post"}],"author":[{"embeddable":true,"href":"https:\/\/www.lintelligentdabidjan.info\/news\/wp-json\/wp\/v2\/users\/4"}],"replies":[{"embeddable":true,"href":"https:\/\/www.lintelligentdabidjan.info\/news\/wp-json\/wp\/v2\/comments?post=42223"}],"version-history":[{"count":1,"href":"https:\/\/www.lintelligentdabidjan.info\/news\/wp-json\/wp\/v2\/posts\/42223\/revisions"}],"predecessor-version":[{"id":42225,"href":"https:\/\/www.lintelligentdabidjan.info\/news\/wp-json\/wp\/v2\/posts\/42223\/revisions\/42225"}],"wp:featuredmedia":[{"embeddable":true,"href":"https:\/\/www.lintelligentdabidjan.info\/news\/wp-json\/wp\/v2\/media\/42224"}],"wp:attachment":[{"href":"https:\/\/www.lintelligentdabidjan.info\/news\/wp-json\/wp\/v2\/media?parent=42223"}],"wp:term":[{"taxonomy":"category","embeddable":true,"href":"https:\/\/www.lintelligentdabidjan.info\/news\/wp-json\/wp\/v2\/categories?post=42223"},{"taxonomy":"post_tag","embeddable":true,"href":"https:\/\/www.lintelligentdabidjan.info\/news\/wp-json\/wp\/v2\/tags?post=42223"}],"curies":[{"name":"wp","href":"https:\/\/api.w.org\/{rel}","templated":true}]}}