{"id":42241,"date":"2026-02-05T06:35:13","date_gmt":"2026-02-05T05:35:13","guid":{"rendered":"https:\/\/www.lintelligentdabidjan.info\/news\/?p=42241"},"modified":"2026-02-05T06:36:11","modified_gmt":"2026-02-05T05:36:11","slug":"sommet-de-lenergie-a-abuja-lafrique-veut-financer-son-energie","status":"publish","type":"post","link":"https:\/\/www.lintelligentdabidjan.info\/news\/sommet-de-lenergie-a-abuja-lafrique-veut-financer-son-energie\/","title":{"rendered":"Sommet de l\u2019\u00e9nergie \u00e0 Abuja: L\u2019Afrique veut financer son \u00e9nergie"},"content":{"rendered":"<p><strong>R\u00e9unis \u00e0 Abuja le 3 f\u00e9vrier 2026, \u00e0 l\u2019occasion de la 9\u1d49 \u00e9dition du Nigerian International Energy Summit, les acteurs du secteur \u00e9nerg\u00e9tique africain ont affich\u00e9 une ambition partag\u00e9e : renforcer la souverainet\u00e9 du continent dans le financement, la gestion et la transformation de ses ressources \u00e9nerg\u00e9tiques.<\/strong><\/p>\n<p>Plac\u00e9e sous le th\u00e8me \u00ab L\u2019\u00e9nergie au service de la paix et de la prosp\u00e9rit\u00e9 : b\u00e2tir notre avenir commun \u00bb, cette r\u00e9union a rassembl\u00e9 des d\u00e9l\u00e9gations venues de plusieurs pays africains, notamment la C\u00f4te d\u2019Ivoire, le S\u00e9n\u00e9gal et la Guin\u00e9e \u00e9quatoriale. La c\u00e9r\u00e9monie d\u2019ouverture s\u2019est d\u00e9roul\u00e9e en pr\u00e9sence du Vice-pr\u00e9sident nig\u00e9rian, Kashim Shettima, du pr\u00e9sident gambien Adama Barrow, ainsi que de nombreux ministres en charge de l\u2019\u00c9nergie et des Hydrocarbures.<\/p>\n<p>Les d\u00e9bats ont r\u00e9v\u00e9l\u00e9 l\u2019ampleur des d\u00e9fis \u00e9nerg\u00e9tiques du continent. Pr\u00e8s de 600 millions d\u2019Africains demeurent priv\u00e9s d\u2019acc\u00e8s \u00e0 l\u2019\u00e9lectricit\u00e9, tandis que la croissance d\u00e9mographique attendue \u00e0 l\u2019horizon 2050 accentuera la pression sur les infrastructures existantes. Un contexte qui rend indispensables des investissements massifs, durables et mieux coordonn\u00e9s.<\/p>\n<p>Au c\u0153ur des \u00e9changes figurait la Banque africaine de l\u2019\u00e9nergie (BAE), officiellement install\u00e9e \u00e0 Abuja. Port\u00e9e par l\u2019Organisation des producteurs africains de p\u00e9trole (APPO), en partenariat avec Afreximbank, cette institution ambitionne de soutenir le financement des projets \u00e9nerg\u00e9tiques structurants du continent.<\/p>\n<p>Pr\u00e9sident en exercice de l\u2019APPO, le ministre ivoirien des Mines, du P\u00e9trole et de l\u2019\u00c9nergie, Mamadou Sangafowa Coulibaly, a insist\u00e9 sur la n\u00e9cessit\u00e9 pour l\u2019Afrique de se doter de ses propres instruments financiers afin de transformer localement ses ressources et de r\u00e9duire sa d\u00e9pendance ext\u00e9rieure.<\/p>\n<p>Les travaux du sommet, qui se poursuivent jusqu\u2019au 5 f\u00e9vrier 2026, r\u00e9unissent plus de 5 000 participants. Ils devraient d\u00e9boucher sur des recommandations visant \u00e0 renforcer l\u2019attractivit\u00e9 du secteur \u00e9nerg\u00e9tique africain et \u00e0 consolider les bases d\u2019un d\u00e9veloppement durable fond\u00e9 sur la ma\u00eetrise locale des ressources et des financements.<\/p>\n<p><strong>Olivier Dion<\/strong><\/p>\n<p>&nbsp;<\/p>\n<p>&nbsp;<\/p>\n<p>&nbsp;<\/p>\n<p>&nbsp;<\/p>\n<p>&nbsp;<\/p>\n<p>&nbsp;<\/p>\n","protected":false},"excerpt":{"rendered":"<p>R\u00e9unis \u00e0 Abuja le 3 f\u00e9vrier 2026, \u00e0 l\u2019occasion de la 9\u1d49 \u00e9dition du Nigerian International Energy Summit, les acteurs du secteur \u00e9nerg\u00e9tique africain ont affich\u00e9 une ambition partag\u00e9e : renforcer la souverainet\u00e9 du continent dans le financement, la gestion et la transformation de ses ressources \u00e9nerg\u00e9tiques. Plac\u00e9e sous le th\u00e8me \u00ab L\u2019\u00e9nergie au service [&hellip;]<\/p>\n","protected":false},"author":4,"featured_media":42242,"comment_status":"closed","ping_status":"closed","sticky":false,"template":"","format":"standard","meta":{"_monsterinsights_skip_tracking":false,"_monsterinsights_sitenote_active":false,"_monsterinsights_sitenote_note":"","_monsterinsights_sitenote_category":0,"footnotes":""},"categories":[2,18],"tags":[7030,3409,7031,6619,7029],"class_list":["post-42241","post","type-post","status-publish","format-standard","has-post-thumbnail","hentry","category-featured","category-economie","tag-abuja","tag-energie","tag-financer","tag-lafrique","tag-sommet-de-lenergie"],"_links":{"self":[{"href":"https:\/\/www.lintelligentdabidjan.info\/news\/wp-json\/wp\/v2\/posts\/42241","targetHints":{"allow":["GET"]}}],"collection":[{"href":"https:\/\/www.lintelligentdabidjan.info\/news\/wp-json\/wp\/v2\/posts"}],"about":[{"href":"https:\/\/www.lintelligentdabidjan.info\/news\/wp-json\/wp\/v2\/types\/post"}],"author":[{"embeddable":true,"href":"https:\/\/www.lintelligentdabidjan.info\/news\/wp-json\/wp\/v2\/users\/4"}],"replies":[{"embeddable":true,"href":"https:\/\/www.lintelligentdabidjan.info\/news\/wp-json\/wp\/v2\/comments?post=42241"}],"version-history":[{"count":1,"href":"https:\/\/www.lintelligentdabidjan.info\/news\/wp-json\/wp\/v2\/posts\/42241\/revisions"}],"predecessor-version":[{"id":42243,"href":"https:\/\/www.lintelligentdabidjan.info\/news\/wp-json\/wp\/v2\/posts\/42241\/revisions\/42243"}],"wp:featuredmedia":[{"embeddable":true,"href":"https:\/\/www.lintelligentdabidjan.info\/news\/wp-json\/wp\/v2\/media\/42242"}],"wp:attachment":[{"href":"https:\/\/www.lintelligentdabidjan.info\/news\/wp-json\/wp\/v2\/media?parent=42241"}],"wp:term":[{"taxonomy":"category","embeddable":true,"href":"https:\/\/www.lintelligentdabidjan.info\/news\/wp-json\/wp\/v2\/categories?post=42241"},{"taxonomy":"post_tag","embeddable":true,"href":"https:\/\/www.lintelligentdabidjan.info\/news\/wp-json\/wp\/v2\/tags?post=42241"}],"curies":[{"name":"wp","href":"https:\/\/api.w.org\/{rel}","templated":true}]}}