{"id":42250,"date":"2026-02-05T06:55:21","date_gmt":"2026-02-05T05:55:21","guid":{"rendered":"https:\/\/www.lintelligentdabidjan.info\/news\/?p=42250"},"modified":"2026-02-05T06:57:00","modified_gmt":"2026-02-05T05:57:00","slug":"securite-et-defense-nationales-lunion-europeenne-renforce-la-mobilite-des-forces-armees-ivoiriennes","status":"publish","type":"post","link":"https:\/\/www.lintelligentdabidjan.info\/news\/securite-et-defense-nationales-lunion-europeenne-renforce-la-mobilite-des-forces-armees-ivoiriennes\/","title":{"rendered":"S\u00e9curit\u00e9 et d\u00e9fense nationales:  L\u2019Union europ\u00e9enne renforce la mobilit\u00e9 des Forces arm\u00e9es ivoiriennes"},"content":{"rendered":"<p><strong>L\u2019Union europ\u00e9enne (UE) et la C\u00f4te d\u2019Ivoire consolident leur partenariat strat\u00e9gique en mati\u00e8re de s\u00e9curit\u00e9 et de d\u00e9fense. Cette coop\u00e9ration s\u2019est mat\u00e9rialis\u00e9e, le mardi 3 f\u00e9vrier 2026, par la remise d\u2019une quarantaine de v\u00e9hicules militaires aux Forces arm\u00e9es de C\u00f4te d\u2019Ivoire (FACI), dans le cadre de la Facilit\u00e9 europ\u00e9enne pour la paix (FEP).<\/strong><\/p>\n<p>La c\u00e9r\u00e9monie de remise s\u2019est tenue \u00e0 l\u2019\u00e9tat-major g\u00e9n\u00e9ral des FACI, sous la pr\u00e9sidence du vice-Premier ministre, ministre de la D\u00e9fense, T\u00e9n\u00e9 Birahima Ouattara, en pr\u00e9sence de l\u2019ambassadeur de l\u2019Union europ\u00e9enne en C\u00f4te d\u2019Ivoire, Irchad Razaaly, et de hauts responsables militaires.<\/p>\n<p>Selon le diplomate europ\u00e9en, cette dotation s\u2019inscrit dans une enveloppe initiale de 15 millions d\u2019euros mobilis\u00e9s en 2024, \u00e0 la demande des autorit\u00e9s ivoiriennes, pour renforcer les capacit\u00e9s op\u00e9rationnelles des FACI. Outre les v\u00e9hicules de transport et polyvalents, ce soutien comprend des \u00e9quipements de communication et de transmission, des syst\u00e8mes de surveillance a\u00e9roport\u00e9e ainsi que des drones, accompagn\u00e9s de formations adapt\u00e9es aux besoins exprim\u00e9s par l\u2019arm\u00e9e ivoirienne.<\/p>\n<p>\u00ab Cette assistance est rendue possible gr\u00e2ce \u00e0 la Facilit\u00e9 europ\u00e9enne pour la paix, un instrument directement financ\u00e9 par les budgets de d\u00e9fense des \u00c9tats membres de l\u2019Union europ\u00e9enne \u00bb, a soulign\u00e9 Irchad Razaaly, saluant la solidarit\u00e9 entre \u00ab fr\u00e8res d\u2019armes \u00bb au-del\u00e0 des fronti\u00e8res.<\/p>\n<p>Dans un contexte r\u00e9gional marqu\u00e9 par la persistance des menaces s\u00e9curitaires et terroristes, l\u2019Union europ\u00e9enne a r\u00e9affirm\u00e9 son appui \u00e0 l\u2019ambition de la C\u00f4te d\u2019Ivoire de jouer un r\u00f4le moteur dans la stabilisation de l\u2019Afrique de l\u2019Ouest. Le Conseil de l\u2019Union europ\u00e9enne a d\u2019ailleurs r\u00e9cemment approuv\u00e9 une mesure additionnelle de 20 millions d\u2019euros pour renforcer davantage les capacit\u00e9s des forces ivoiriennes.<\/p>\n<p>Pour le ministre T\u00e9n\u00e9 Birahima Ouattara, cette coop\u00e9ration repose sur une vision partag\u00e9e de la s\u00e9curit\u00e9 et du d\u00e9veloppement. \u00ab Les \u00e9quipements remis aujourd\u2019hui ne sont pas de simples dotations mat\u00e9rielles. Ils constituent des outils essentiels pour la mobilit\u00e9 op\u00e9rationnelle de nos Forces, la s\u00e9curisation du territoire, la protection des populations et la lutte contre les menaces transfrontali\u00e8res, dans le respect des droits de l\u2019homme \u00bb, a-t-il d\u00e9clar\u00e9.<\/p>\n<p>Au-del\u00e0 de l\u2019appui militaire, l\u2019Union europ\u00e9enne soutient une approche globale. Depuis 2021, plus de 200 millions d\u2019euros ont \u00e9t\u00e9 mobilis\u00e9s en faveur des zones frontali\u00e8res septentrionales, a indiqu\u00e9 l\u2019ambassadeur. Ce soutien s\u2019\u00e9tend \u00e9galement \u00e0 l\u2019Acad\u00e9mie internationale de lutte contre le terrorisme (AILCT) de Jacqueville, accompagn\u00e9e par l\u2019UE pour en faire un p\u00f4le d\u2019excellence r\u00e9gional.<\/p>\n<p>En recevant ces \u00e9quipements, les Forces arm\u00e9es de C\u00f4te d\u2019Ivoire ont r\u00e9affirm\u00e9 leur engagement \u00e0 en faire un usage responsable, au service de la s\u00e9curit\u00e9 nationale. Pour les deux partenaires, cette coop\u00e9ration s\u2019inscrit dans une dynamique durable, strat\u00e9gique et fond\u00e9e sur une communaut\u00e9 de valeurs, dans un environnement g\u00e9opolitique international incertain.<\/p>\n<p><strong>Olivier Dion<\/strong><\/p>\n<p>&nbsp;<\/p>\n<p>&nbsp;<\/p>\n<p>&nbsp;<\/p>\n<p>&nbsp;<\/p>\n<p>&nbsp;<\/p>\n","protected":false},"excerpt":{"rendered":"<p>L\u2019Union europ\u00e9enne (UE) et la C\u00f4te d\u2019Ivoire consolident leur partenariat strat\u00e9gique en mati\u00e8re de s\u00e9curit\u00e9 et de d\u00e9fense. Cette coop\u00e9ration s\u2019est mat\u00e9rialis\u00e9e, le mardi 3 f\u00e9vrier 2026, par la remise d\u2019une quarantaine de v\u00e9hicules militaires aux Forces arm\u00e9es de C\u00f4te d\u2019Ivoire (FACI), dans le cadre de la Facilit\u00e9 europ\u00e9enne pour la paix (FEP). La c\u00e9r\u00e9monie [&hellip;]<\/p>\n","protected":false},"author":4,"featured_media":42251,"comment_status":"closed","ping_status":"closed","sticky":false,"template":"","format":"standard","meta":{"_monsterinsights_skip_tracking":false,"_monsterinsights_sitenote_active":false,"_monsterinsights_sitenote_note":"","_monsterinsights_sitenote_category":0,"footnotes":""},"categories":[2,3],"tags":[2266,7042,7043,7041],"class_list":["post-42250","post","type-post","status-publish","format-standard","has-post-thumbnail","hentry","category-featured","category-societe","tag-forces-armees-ivoiriennes","tag-lunion-europeenne","tag-la-mobilite","tag-securite-et-defense-nationales"],"_links":{"self":[{"href":"https:\/\/www.lintelligentdabidjan.info\/news\/wp-json\/wp\/v2\/posts\/42250","targetHints":{"allow":["GET"]}}],"collection":[{"href":"https:\/\/www.lintelligentdabidjan.info\/news\/wp-json\/wp\/v2\/posts"}],"about":[{"href":"https:\/\/www.lintelligentdabidjan.info\/news\/wp-json\/wp\/v2\/types\/post"}],"author":[{"embeddable":true,"href":"https:\/\/www.lintelligentdabidjan.info\/news\/wp-json\/wp\/v2\/users\/4"}],"replies":[{"embeddable":true,"href":"https:\/\/www.lintelligentdabidjan.info\/news\/wp-json\/wp\/v2\/comments?post=42250"}],"version-history":[{"count":1,"href":"https:\/\/www.lintelligentdabidjan.info\/news\/wp-json\/wp\/v2\/posts\/42250\/revisions"}],"predecessor-version":[{"id":42252,"href":"https:\/\/www.lintelligentdabidjan.info\/news\/wp-json\/wp\/v2\/posts\/42250\/revisions\/42252"}],"wp:featuredmedia":[{"embeddable":true,"href":"https:\/\/www.lintelligentdabidjan.info\/news\/wp-json\/wp\/v2\/media\/42251"}],"wp:attachment":[{"href":"https:\/\/www.lintelligentdabidjan.info\/news\/wp-json\/wp\/v2\/media?parent=42250"}],"wp:term":[{"taxonomy":"category","embeddable":true,"href":"https:\/\/www.lintelligentdabidjan.info\/news\/wp-json\/wp\/v2\/categories?post=42250"},{"taxonomy":"post_tag","embeddable":true,"href":"https:\/\/www.lintelligentdabidjan.info\/news\/wp-json\/wp\/v2\/tags?post=42250"}],"curies":[{"name":"wp","href":"https:\/\/api.w.org\/{rel}","templated":true}]}}