{"id":42253,"date":"2026-02-05T07:02:43","date_gmt":"2026-02-05T06:02:43","guid":{"rendered":"https:\/\/www.lintelligentdabidjan.info\/news\/?p=42253"},"modified":"2026-02-05T07:02:43","modified_gmt":"2026-02-05T06:02:43","slug":"propos-de-tiani-contre-ouattara-amadou-coulibaly-explique-la-protestation-du-gouvernement","status":"publish","type":"post","link":"https:\/\/www.lintelligentdabidjan.info\/news\/propos-de-tiani-contre-ouattara-amadou-coulibaly-explique-la-protestation-du-gouvernement\/","title":{"rendered":"Propos de Tiani contre Ouattara :  \u00a0Amadou Coulibaly explique la protestation du gouvernement"},"content":{"rendered":"<p><strong>\u00c0 l\u2019issue du Conseil des ministres du mercredi 4 f\u00e9vrier 2026 au Palais de la pr\u00e9sidence de la R\u00e9publique \u00e0 Abidjan-Plateau, le ministre Amadou Coulibaly, porte-parole du gouvernement, a expliqu\u00e9 face \u00e0 la presse les raisons qui ont pouss\u00e9 la C\u00f4te d\u2019Ivoire \u00e0 r\u00e9agir vivement aux propos du chef de la transition militaire au Niger, \u00e0 la suite de l\u2019attaque arm\u00e9e de l\u2019a\u00e9roport de Niamey, la capitale, \u00e0 l&#8217;aube du jeudi 29 janvier 2026.<\/strong><\/p>\n<p>Pour le porte-parole du gouvernement, la C\u00f4te d\u2019Ivoire n&#8217;a pas support\u00e9 que son Chef de l\u2019\u00c9tat, le Pr\u00e9sident Alassane Ouattara, soit cit\u00e9 comme co-instigateur de cette attaque, sans aucune preuve. \u00ab Jusqu&#8217;\u00e0 ce jour, ces pays de l&#8217;AES n&#8217;ont jamais m\u00eal\u00e9 le nom du Chef de l&#8217;\u00c9tat dans toutes leurs accusations envers la C\u00f4te d&#8217;Ivoire. Nous refusons, de quelque fa\u00e7on que ce soit, que l&#8217;image de celui qui incarne notre pays soit brocard\u00e9e. Tant que c&#8217;est une accusation globale du pays, nous avons estim\u00e9 qu&#8217;il n&#8217;y avait pas de r\u00e9ponse \u00e0 donner. Cela, \u00e9tant entendu que le pays n&#8217;avait rien \u00e0 se reprocher et que ceux qui portaient ces accusations n&#8217;avaient jamais produit de preuves. Mais ici, le nom du Chef de l&#8217;\u00c9tat a \u00e9t\u00e9 m\u00eal\u00e9. Ce que nous, Ivoiriens, respectueux de notre Pr\u00e9sident, refusons. D&#8217;o\u00f9 cette r\u00e9action. Alors, aussi bien les Ivoiriens que tous les pays doivent savoir qu&#8217;on n&#8217;acceptera pas que le Chef de l&#8217;\u00c9tat, le Pr\u00e9sident Alassane Ouattara, soit vilipend\u00e9 de fa\u00e7on mensong\u00e8re \u00bb, a dit le ministre porte-parole du gouvernement.<\/p>\n<p>En effet, juste apr\u00e8s les accusations prof\u00e9r\u00e9es par le pr\u00e9sident de la transition militaire au Niger, la C\u00f4te d\u2019Ivoire, par sa ministre en charge des affaires \u00e9trang\u00e8res, a convoqu\u00e9 l\u2019ambassadeur du Niger en C\u00f4te d\u2019Ivoire pour lui faire part de ses vives protestations. Ensuite, un courrier de protestation a \u00e9t\u00e9 \u00e9galement adress\u00e9 aux autorit\u00e9s nig\u00e9riennes dans ce sens. Une r\u00e9action in\u00e9dite de la C\u00f4te d\u2019Ivoire vis-\u00e0-vis d&#8217;un pays de l\u2019Alliance des \u00c9tats du Sahel (AES), depuis le d\u00e9but des accusations envers le pays. \u00ab \u00c0 ce jour, nous sommes en attente de la r\u00e9ponse \u00bb, a ajout\u00e9 Amadou Coulibaly.<\/p>\n<p>Le point de presse apr\u00e8s le Conseil des ministres a \u00e9t\u00e9 une tribune pour\u00a0 \u00a0porte-parole du gouvernement de se prononcer sur d\u2019autres sujets d\u2019int\u00e9r\u00eat national. Des sujets dont l\u2019ent\u00eatement de certains conducteurs de v\u00e9hicules de transport en commun \u00e0 utiliser le gaz butane comme carburant. Il a rappel\u00e9 que l&#8217;usage du butane comme carburant dans le transport en commun reste interdit par le gouvernement et que le non-respect de cette interdiction constitue une entorse \u00e0 une mesure gouvernementale.<\/p>\n<p>L&#8217;ordre du jour du Conseil a port\u00e9 sur 13 points dont 11 mesures g\u00e9n\u00e9rales constitu\u00e9es essentiellement de projets de d\u00e9crets, et de deux communications.<\/p>\n<p>&nbsp;<\/p>\n<p>Un des d\u00e9crets a \u00e9t\u00e9 adopt\u00e9 au titre du minist\u00e8re d&#8217;\u00c9tat, minist\u00e8re des affaires \u00e9trang\u00e8res et de la coop\u00e9ration internationale. Il porte sur la ratification de l&#8217;Accord de pr\u00eat d&#8217;un montant de 128,6 millions d&#8217;euros, soit 84,356 milliards de FCFA, conclu le 17 octobre 2025 entre l&#8217;Association internationale pour le d\u00e9veloppement (AID) et la C\u00f4te d&#8217;Ivoire, pour le financement du Projet d&#8217;acc\u00e9l\u00e9ration digitale en C\u00f4te d&#8217;Ivoire (PADCI) phase 1.<\/p>\n<p>&nbsp;<\/p>\n<p>Il a pour objectif d&#8217;accro\u00eetre l&#8217;utilisation inclusive et r\u00e9siliente de l&#8217;Internet \u00e0 haut d\u00e9bit et des services num\u00e9riques dans certains secteurs sociaux cibl\u00e9s. \u00c0 terme, ce projet permettra d&#8217;acc\u00e9l\u00e9rer la num\u00e9risation des services publics dans les secteurs cl\u00e9s, d&#8217;\u00e9tendre la connectivit\u00e9 haut d\u00e9bit aux structures publiques telles que les \u00e9tablissements d&#8217;enseignement, les centres de sant\u00e9, les mairies, les sous-pr\u00e9fectures, les tribunaux, les bureaux de poste, les directions r\u00e9gionales et d&#8217;am\u00e9liorer l&#8217;acc\u00e8s aux services publics num\u00e9riques des populations \u00e9loign\u00e9es et vuln\u00e9rables.<\/p>\n<p>&nbsp;<\/p>\n<p><strong>Jean-Hubert Koffo<\/strong><\/p>\n<p>&nbsp;<\/p>\n<p>&nbsp;<\/p>\n<p>&nbsp;<\/p>\n<p>&nbsp;<\/p>\n<p>&nbsp;<\/p>\n","protected":false},"excerpt":{"rendered":"<p>\u00c0 l\u2019issue du Conseil des ministres du mercredi 4 f\u00e9vrier 2026 au Palais de la pr\u00e9sidence de la R\u00e9publique \u00e0 Abidjan-Plateau, le ministre Amadou Coulibaly, porte-parole du gouvernement, a expliqu\u00e9 face \u00e0 la presse les raisons qui ont pouss\u00e9 la C\u00f4te d\u2019Ivoire \u00e0 r\u00e9agir vivement aux propos du chef de la transition militaire au Niger, [&hellip;]<\/p>\n","protected":false},"author":4,"featured_media":42254,"comment_status":"closed","ping_status":"closed","sticky":false,"template":"","format":"standard","meta":{"_monsterinsights_skip_tracking":false,"_monsterinsights_sitenote_active":false,"_monsterinsights_sitenote_note":"","_monsterinsights_sitenote_category":0,"footnotes":""},"categories":[2,17],"tags":[1287,7045,34,7044],"class_list":["post-42253","post","type-post","status-publish","format-standard","has-post-thumbnail","hentry","category-featured","category-politique","tag-amadou-coulibaly","tag-la-protestation-du-gouvernement","tag-ouattara","tag-propos-de-tiani"],"_links":{"self":[{"href":"https:\/\/www.lintelligentdabidjan.info\/news\/wp-json\/wp\/v2\/posts\/42253","targetHints":{"allow":["GET"]}}],"collection":[{"href":"https:\/\/www.lintelligentdabidjan.info\/news\/wp-json\/wp\/v2\/posts"}],"about":[{"href":"https:\/\/www.lintelligentdabidjan.info\/news\/wp-json\/wp\/v2\/types\/post"}],"author":[{"embeddable":true,"href":"https:\/\/www.lintelligentdabidjan.info\/news\/wp-json\/wp\/v2\/users\/4"}],"replies":[{"embeddable":true,"href":"https:\/\/www.lintelligentdabidjan.info\/news\/wp-json\/wp\/v2\/comments?post=42253"}],"version-history":[{"count":1,"href":"https:\/\/www.lintelligentdabidjan.info\/news\/wp-json\/wp\/v2\/posts\/42253\/revisions"}],"predecessor-version":[{"id":42255,"href":"https:\/\/www.lintelligentdabidjan.info\/news\/wp-json\/wp\/v2\/posts\/42253\/revisions\/42255"}],"wp:featuredmedia":[{"embeddable":true,"href":"https:\/\/www.lintelligentdabidjan.info\/news\/wp-json\/wp\/v2\/media\/42254"}],"wp:attachment":[{"href":"https:\/\/www.lintelligentdabidjan.info\/news\/wp-json\/wp\/v2\/media?parent=42253"}],"wp:term":[{"taxonomy":"category","embeddable":true,"href":"https:\/\/www.lintelligentdabidjan.info\/news\/wp-json\/wp\/v2\/categories?post=42253"},{"taxonomy":"post_tag","embeddable":true,"href":"https:\/\/www.lintelligentdabidjan.info\/news\/wp-json\/wp\/v2\/tags?post=42253"}],"curies":[{"name":"wp","href":"https:\/\/api.w.org\/{rel}","templated":true}]}}