{"id":42256,"date":"2026-02-05T07:15:00","date_gmt":"2026-02-05T06:15:00","guid":{"rendered":"https:\/\/www.lintelligentdabidjan.info\/news\/?p=42256"},"modified":"2026-02-05T07:15:00","modified_gmt":"2026-02-05T06:15:00","slug":"l-intelligent-en-pdf-aes-human-rights-watch-les-juntes-militaires-ont-intensifie-la-repression-des-libertes","status":"publish","type":"post","link":"https:\/\/www.lintelligentdabidjan.info\/news\/l-intelligent-en-pdf-aes-human-rights-watch-les-juntes-militaires-ont-intensifie-la-repression-des-libertes\/","title":{"rendered":"L&#8217; Intelligent en PDF\u00a0   AES &#8211; Human Rights Watch : &#8221; Les juntes militaires ont intensifi\u00e9 la r\u00e9pression des libert\u00e9s&#8221;"},"content":{"rendered":"<div><strong>Dans son Rapport mondial 2026 publi\u00e9 hier mercredi, Human Rights Watch (HRW) dresse un bilan alarmant de la d\u00e9gradation des libert\u00e9s fondamentales en Afrique de l\u2019Ouest, particuli\u00e8rement marqu\u00e9e au sein des pays de l\u2019Alliance des \u00c9tats du Sahel (AES) \u2013 Mali, Niger, Burkina Faso \u2013 et leurs voisins.<\/strong><\/div>\n<div id=\"yiv1748110130ymail_android_signature\"><\/div>\n<div id=\"yiv1748110130ymail_android_signature\">Que dit ce rapport ?<\/div>\n<div id=\"yiv1748110130ymail_android_signature\"><\/div>\n<div id=\"yiv1748110130ymail_android_signature\">Article \u00e0 d\u00e9couvrir en ligne sur&#8230;<\/div>\n<div><a href=\"https:\/\/news.abidjan.net\/titrologie\/39-lintelligent-dabidjan\/articles\" target=\"_blank\" rel=\"noopener\">https:\/\/news.abidjan.net\/titrologie\/39-lintelligent-dabidjan\/articles<\/a><\/div>\n<div id=\"yiv1748110130ymail_android_signature\"><\/div>\n<div id=\"yiv1748110130ymail_android_signature\">\u00c0 lire aussi l&#8217;interview de\u00a0Gambotti Christian; La compassion de la Premi\u00e8re dame aux\u00a0familles Camara et Da-Silva Anoma;\u00a0Pas de prison pour Kanga koffi et Kon\u00e9 Moussa, deux acteurs du cacao .<\/div>\n<div id=\"yiv1748110130ymail_android_signature\"><\/div>\n<div id=\"yiv1748110130ymail_android_signature\">Cliquez pour les d\u00e9tails<\/div>\n<div><\/div>\n<div id=\"yiv1748110130ymail_android_signature\"><a href=\"https:\/\/www.afrikipresse.com\/abonnement\" target=\"_blank\" rel=\"noopener\">https:\/\/www.afrikipresse.com\/abonnement<\/a><\/div>\n<div id=\"yiv1748110130ymail_android_signature\"><\/div>\n<div id=\"yiv1748110130ymail_android_signature\">\n<div dir=\"ltr\">\n<div id=\"yiv1748110130ymail_android_signature\">\u00c0 voir \u00e9galement quel sort pour les livreurs ind\u00e9pendants avec la poste ? et le Festival<\/div>\n<\/div>\n<div dir=\"ltr\">Porlahla\u00a0 lanc\u00e9 \u00e0 Kouto<\/div>\n<div dir=\"ltr\"><\/div>\n<\/div>\n<div id=\"yiv1748110130ymail_android_signature\"><a href=\"https:\/\/www.pressecotedivoire.fr\/titrologie\" target=\"_blank\" rel=\"noopener\">https:\/\/www.pressecotedivoire.fr\/titrologie<\/a><\/div>\n<div id=\"yiv1748110130ymail_android_signature\"><\/div>\n","protected":false},"excerpt":{"rendered":"<p>Dans son Rapport mondial 2026 publi\u00e9 hier mercredi, Human Rights Watch (HRW) dresse un bilan alarmant de la d\u00e9gradation des libert\u00e9s fondamentales en Afrique de l\u2019Ouest, particuli\u00e8rement marqu\u00e9e au sein des pays de l\u2019Alliance des \u00c9tats du Sahel (AES) \u2013 Mali, Niger, Burkina Faso \u2013 et leurs voisins. Que dit ce rapport ? Article \u00e0 [&hellip;]<\/p>\n","protected":false},"author":4,"featured_media":42257,"comment_status":"closed","ping_status":"closed","sticky":false,"template":"","format":"standard","meta":{"_monsterinsights_skip_tracking":false,"_monsterinsights_sitenote_active":false,"_monsterinsights_sitenote_note":"","_monsterinsights_sitenote_category":0,"footnotes":""},"categories":[2,3],"tags":[],"class_list":["post-42256","post","type-post","status-publish","format-standard","has-post-thumbnail","hentry","category-featured","category-societe"],"_links":{"self":[{"href":"https:\/\/www.lintelligentdabidjan.info\/news\/wp-json\/wp\/v2\/posts\/42256","targetHints":{"allow":["GET"]}}],"collection":[{"href":"https:\/\/www.lintelligentdabidjan.info\/news\/wp-json\/wp\/v2\/posts"}],"about":[{"href":"https:\/\/www.lintelligentdabidjan.info\/news\/wp-json\/wp\/v2\/types\/post"}],"author":[{"embeddable":true,"href":"https:\/\/www.lintelligentdabidjan.info\/news\/wp-json\/wp\/v2\/users\/4"}],"replies":[{"embeddable":true,"href":"https:\/\/www.lintelligentdabidjan.info\/news\/wp-json\/wp\/v2\/comments?post=42256"}],"version-history":[{"count":1,"href":"https:\/\/www.lintelligentdabidjan.info\/news\/wp-json\/wp\/v2\/posts\/42256\/revisions"}],"predecessor-version":[{"id":42258,"href":"https:\/\/www.lintelligentdabidjan.info\/news\/wp-json\/wp\/v2\/posts\/42256\/revisions\/42258"}],"wp:featuredmedia":[{"embeddable":true,"href":"https:\/\/www.lintelligentdabidjan.info\/news\/wp-json\/wp\/v2\/media\/42257"}],"wp:attachment":[{"href":"https:\/\/www.lintelligentdabidjan.info\/news\/wp-json\/wp\/v2\/media?parent=42256"}],"wp:term":[{"taxonomy":"category","embeddable":true,"href":"https:\/\/www.lintelligentdabidjan.info\/news\/wp-json\/wp\/v2\/categories?post=42256"},{"taxonomy":"post_tag","embeddable":true,"href":"https:\/\/www.lintelligentdabidjan.info\/news\/wp-json\/wp\/v2\/tags?post=42256"}],"curies":[{"name":"wp","href":"https:\/\/api.w.org\/{rel}","templated":true}]}}