{"id":42265,"date":"2026-02-06T06:20:51","date_gmt":"2026-02-06T05:20:51","guid":{"rendered":"https:\/\/www.lintelligentdabidjan.info\/news\/?p=42265"},"modified":"2026-02-06T06:20:51","modified_gmt":"2026-02-06T05:20:51","slug":"cohesion-sociale-les-meilleurs-moniteurs-dalerte-precoce-distingues","status":"publish","type":"post","link":"https:\/\/www.lintelligentdabidjan.info\/news\/cohesion-sociale-les-meilleurs-moniteurs-dalerte-precoce-distingues\/","title":{"rendered":"Coh\u00e9sion sociale : Les meilleurs moniteurs d\u2019alerte pr\u00e9coce distingu\u00e9s"},"content":{"rendered":"<p><strong>La ministre de la Coh\u00e9sion sociale et de la Solidarit\u00e9, Myss Belmonde Dogo, a r\u00e9compens\u00e9, le mercredi 4 f\u00e9vrier 2026 au Plateau, les meilleurs moniteurs d\u2019alerte pr\u00e9coce, \u00e0 l\u2019occasion de la premi\u00e8re \u00e9dition des Awards qui leur sont d\u00e9di\u00e9s.<\/strong><\/p>\n<p>Organis\u00e9e par l\u2019Observatoire de la solidarit\u00e9 et de la coh\u00e9sion Sociale (Oscs), la c\u00e9r\u00e9monie a distingu\u00e9 les performances en mati\u00e8re de collecte et de remont\u00e9e d\u2019informations sociales. Au plan national, Quist Wawod\u00e9 Jeannette \u00e9pouse Mamo, monitrice de la zone Est (Bonoua), a \u00e9t\u00e9 \u00e9lue meilleure monitrice 2025. Elle est suivie de Fl\u00e9 Ange Patricia, class\u00e9e deuxi\u00e8me, et de Yoro Isidore Lohouri, arriv\u00e9 en troisi\u00e8me position. Des troph\u00e9es et des r\u00e9compenses financi\u00e8res ont \u00e9galement \u00e9t\u00e9 d\u00e9cern\u00e9s aux meilleurs moniteurs des zones Centre, Nord, Sud et Ouest. S\u2019adressant aux laur\u00e9ats, la ministre a salu\u00e9 leur engagement citoyen. \u00ab En vous engageant volontairement, vous posez un acte hautement citoyen. Gr\u00e2ce \u00e0 vous, l\u2019\u00c9tat peut \u00eatre inform\u00e9, parfois en temps r\u00e9el, de ce qui se passe jusque dans les localit\u00e9s les plus recul\u00e9es \u00bb, a-t-elle d\u00e9clar\u00e9. Qualifiant les moniteurs d\u2019alerte pr\u00e9coce de \u00ab v\u00e9ritables veilleurs de la paix et de la coh\u00e9sion sociale \u00bb, Myss Belmonde Dogo a rappel\u00e9 que leur action s\u2019inscrit pleinement dans la vision du Pr\u00e9sident de la R\u00e9publique, Alassane Ouattara, ax\u00e9e sur la solidarit\u00e9 nationale et la pr\u00e9vention des conflits. Profitant de l\u2019occasion, la ministre a annonc\u00e9 l\u2019organisation prochaine de la deuxi\u00e8me \u00e9dition du concours et a invit\u00e9 moniteurs, jeunes et populations \u00e0 s\u2019y engager massivement. \u00ab C\u2019est en p\u00e9riode de paix que nous devons travailler davantage pour pr\u00e9server la paix \u00bb, a-t-elle insist\u00e9.<\/p>\n<p><strong>Moustapha Ismaila<\/strong><\/p>\n<p>&nbsp;<\/p>\n<p>&nbsp;<\/p>\n<p>&nbsp;<\/p>\n<p>&nbsp;<\/p>\n","protected":false},"excerpt":{"rendered":"<p>La ministre de la Coh\u00e9sion sociale et de la Solidarit\u00e9, Myss Belmonde Dogo, a r\u00e9compens\u00e9, le mercredi 4 f\u00e9vrier 2026 au Plateau, les meilleurs moniteurs d\u2019alerte pr\u00e9coce, \u00e0 l\u2019occasion de la premi\u00e8re \u00e9dition des Awards qui leur sont d\u00e9di\u00e9s. Organis\u00e9e par l\u2019Observatoire de la solidarit\u00e9 et de la coh\u00e9sion Sociale (Oscs), la c\u00e9r\u00e9monie a distingu\u00e9 [&hellip;]<\/p>\n","protected":false},"author":4,"featured_media":42266,"comment_status":"closed","ping_status":"closed","sticky":false,"template":"","format":"standard","meta":{"_monsterinsights_skip_tracking":false,"_monsterinsights_sitenote_active":false,"_monsterinsights_sitenote_note":"","_monsterinsights_sitenote_category":0,"footnotes":""},"categories":[2,3],"tags":[1840,7051,7052],"class_list":["post-42265","post","type-post","status-publish","format-standard","has-post-thumbnail","hentry","category-featured","category-societe","tag-cohesion-sociale","tag-les-meilleurs-moniteurs","tag-precoce-distingues"],"_links":{"self":[{"href":"https:\/\/www.lintelligentdabidjan.info\/news\/wp-json\/wp\/v2\/posts\/42265","targetHints":{"allow":["GET"]}}],"collection":[{"href":"https:\/\/www.lintelligentdabidjan.info\/news\/wp-json\/wp\/v2\/posts"}],"about":[{"href":"https:\/\/www.lintelligentdabidjan.info\/news\/wp-json\/wp\/v2\/types\/post"}],"author":[{"embeddable":true,"href":"https:\/\/www.lintelligentdabidjan.info\/news\/wp-json\/wp\/v2\/users\/4"}],"replies":[{"embeddable":true,"href":"https:\/\/www.lintelligentdabidjan.info\/news\/wp-json\/wp\/v2\/comments?post=42265"}],"version-history":[{"count":1,"href":"https:\/\/www.lintelligentdabidjan.info\/news\/wp-json\/wp\/v2\/posts\/42265\/revisions"}],"predecessor-version":[{"id":42267,"href":"https:\/\/www.lintelligentdabidjan.info\/news\/wp-json\/wp\/v2\/posts\/42265\/revisions\/42267"}],"wp:featuredmedia":[{"embeddable":true,"href":"https:\/\/www.lintelligentdabidjan.info\/news\/wp-json\/wp\/v2\/media\/42266"}],"wp:attachment":[{"href":"https:\/\/www.lintelligentdabidjan.info\/news\/wp-json\/wp\/v2\/media?parent=42265"}],"wp:term":[{"taxonomy":"category","embeddable":true,"href":"https:\/\/www.lintelligentdabidjan.info\/news\/wp-json\/wp\/v2\/categories?post=42265"},{"taxonomy":"post_tag","embeddable":true,"href":"https:\/\/www.lintelligentdabidjan.info\/news\/wp-json\/wp\/v2\/tags?post=42265"}],"curies":[{"name":"wp","href":"https:\/\/api.w.org\/{rel}","templated":true}]}}