{"id":42289,"date":"2026-02-09T06:30:33","date_gmt":"2026-02-09T05:30:33","guid":{"rendered":"https:\/\/www.lintelligentdabidjan.info\/news\/?p=42289"},"modified":"2026-02-09T06:30:47","modified_gmt":"2026-02-09T05:30:47","slug":"participation-citoyennelong-comcit-fait-le-bilan-de-sa-campagne-civic-lors-du-2%e1%b5%89-cafe-du-communicant","status":"publish","type":"post","link":"https:\/\/www.lintelligentdabidjan.info\/news\/participation-citoyennelong-comcit-fait-le-bilan-de-sa-campagne-civic-lors-du-2%e1%b5%89-cafe-du-communicant\/","title":{"rendered":"Participation citoyenne:L\u2019ONG Comcit fait le bilan de sa campagne CIVIC lors du 2\u1d49 Caf\u00e9 du Communicant"},"content":{"rendered":"<p><strong>Le si\u00e8ge de l\u2019ONG Communication et Citoyennet\u00e9 (Comcit), \u00e0 Cocody Angr\u00e9, a accueilli, le vendredi 6 f\u00e9vrier 2026, la deuxi\u00e8me \u00e9dition du Caf\u00e9 du Communicant, consacr\u00e9e au bilan de la campagne d\u2019information et de valorisation de l\u2019implication citoyenne (CIVIC) men\u00e9e lors des \u00e9lections l\u00e9gislatives de 2025.<\/strong><\/p>\n<p>Cette rencontre a permis de pr\u00e9senter les r\u00e9sultats des actions de sensibilisation visant \u00e0 renforcer la participation citoyenne et \u00e0 promouvoir un vote \u00e9clair\u00e9. La campagne a notamment port\u00e9 sur le r\u00f4le du d\u00e9put\u00e9, la diff\u00e9rence entre d\u00e9put\u00e9 et maire, l\u2019impact des d\u00e9cisions parlementaires sur le quotidien des populations, ainsi que sur l\u2019inscription \u00e9lectorale et la mobilisation au scrutin.<\/p>\n<p>D\u00e9ploy\u00e9e du 18 au 27 d\u00e9cembre 2025 dans trois zones cl\u00e9s, l\u2019initiative a touch\u00e9 Oum\u00e9 (r\u00e9gion du G\u00f4h) \u00e0 travers une mobilisation communautaire, Dabou (Lagunes) via une \u00e9mission radiophonique, et Abidjan, o\u00f9 Comcit a conduit une mission d\u2019observation \u00e9lectorale dans plusieurs communes.<\/p>\n<p>Selon Flora Irel, journaliste et pr\u00e9sidente de Comcit, plus de 1 500 personnes ont \u00e9t\u00e9 directement sensibilis\u00e9es \u00e0 travers ateliers, \u00e9missions radio et rencontres citoyennes. S\u2019appuyant sur les donn\u00e9es de la CEI, elle a relev\u00e9 des taux de participation parfois inf\u00e9rieurs \u00e0 15 %, confirmant la persistance de l\u2019abstention. Face \u00e0 ce constat, l\u2019ONG plaide pour une sensibilisation continue, avec un accent particulier sur les primo\u2011votants, notamment dans les universit\u00e9s.<\/p>\n<p>Cr\u00e9\u00e9e en 2022, Comcit \u0153uvre dans l\u2019\u00e9ducation civique, la r\u00e9vision de la liste \u00e9lectorale et le plaidoyer, autour d\u2019un message central : \u00ab Pour ne pas subir, il faut participer. \u00bb \u00c0 travers son programme CIVIC, l\u2019organisation entend renforcer durablement la d\u00e9mocratie, lutter contre la d\u00e9sinformation et les discours haineux, et impliquer jeunes, femmes et leaders communautaires.<\/p>\n<p>Invit\u00e9 \u00e0 la rencontre, Aka Say\u00e9\u2011Lazare, pr\u00e9sident du conseil d\u2019administration de la RTI (Radiodiffusion\u00a0 t\u00e9l\u00e9vision Ivoirienne)a soulign\u00e9 le r\u00f4le essentiel des m\u00e9dias dans la promotion de la paix et de la citoyennet\u00e9. La rencontre a \u00e9galement enregistr\u00e9 la pr\u00e9sence du pr\u00e9sident de l\u2019ANP (Autorite nationale de la presse)Samba Kon\u00e9.<\/p>\n<p>Forte de quatre ann\u00e9es d\u2019existence, Comcit ambitionne d\u00e9sormais d\u2019\u00e9tendre ses actions \u00e0 l\u2019ensemble du territoire national.<\/p>\n<p><strong>Olivier Dion avec G\u00e9rard Batoua<\/strong><\/p>\n<p>&nbsp;<\/p>\n<p>&nbsp;<\/p>\n<p>&nbsp;<\/p>\n<p>&nbsp;<\/p>\n","protected":false},"excerpt":{"rendered":"<p>Le si\u00e8ge de l\u2019ONG Communication et Citoyennet\u00e9 (Comcit), \u00e0 Cocody Angr\u00e9, a accueilli, le vendredi 6 f\u00e9vrier 2026, la deuxi\u00e8me \u00e9dition du Caf\u00e9 du Communicant, consacr\u00e9e au bilan de la campagne d\u2019information et de valorisation de l\u2019implication citoyenne (CIVIC) men\u00e9e lors des \u00e9lections l\u00e9gislatives de 2025. Cette rencontre a permis de pr\u00e9senter les r\u00e9sultats des [&hellip;]<\/p>\n","protected":false},"author":4,"featured_media":42290,"comment_status":"closed","ping_status":"closed","sticky":false,"template":"","format":"standard","meta":{"_monsterinsights_skip_tracking":false,"_monsterinsights_sitenote_active":false,"_monsterinsights_sitenote_note":"","_monsterinsights_sitenote_category":0,"footnotes":""},"categories":[2,3],"tags":[7068,7067,7066,6597,7065],"class_list":["post-42289","post","type-post","status-publish","format-standard","has-post-thumbnail","hentry","category-featured","category-societe","tag-2-cafe-du-communicant","tag-campagne-civic","tag-long-comcit","tag-le-bilan","tag-participation-citoyenne"],"_links":{"self":[{"href":"https:\/\/www.lintelligentdabidjan.info\/news\/wp-json\/wp\/v2\/posts\/42289","targetHints":{"allow":["GET"]}}],"collection":[{"href":"https:\/\/www.lintelligentdabidjan.info\/news\/wp-json\/wp\/v2\/posts"}],"about":[{"href":"https:\/\/www.lintelligentdabidjan.info\/news\/wp-json\/wp\/v2\/types\/post"}],"author":[{"embeddable":true,"href":"https:\/\/www.lintelligentdabidjan.info\/news\/wp-json\/wp\/v2\/users\/4"}],"replies":[{"embeddable":true,"href":"https:\/\/www.lintelligentdabidjan.info\/news\/wp-json\/wp\/v2\/comments?post=42289"}],"version-history":[{"count":1,"href":"https:\/\/www.lintelligentdabidjan.info\/news\/wp-json\/wp\/v2\/posts\/42289\/revisions"}],"predecessor-version":[{"id":42291,"href":"https:\/\/www.lintelligentdabidjan.info\/news\/wp-json\/wp\/v2\/posts\/42289\/revisions\/42291"}],"wp:featuredmedia":[{"embeddable":true,"href":"https:\/\/www.lintelligentdabidjan.info\/news\/wp-json\/wp\/v2\/media\/42290"}],"wp:attachment":[{"href":"https:\/\/www.lintelligentdabidjan.info\/news\/wp-json\/wp\/v2\/media?parent=42289"}],"wp:term":[{"taxonomy":"category","embeddable":true,"href":"https:\/\/www.lintelligentdabidjan.info\/news\/wp-json\/wp\/v2\/categories?post=42289"},{"taxonomy":"post_tag","embeddable":true,"href":"https:\/\/www.lintelligentdabidjan.info\/news\/wp-json\/wp\/v2\/tags?post=42289"}],"curies":[{"name":"wp","href":"https:\/\/api.w.org\/{rel}","templated":true}]}}