{"id":42305,"date":"2026-02-10T06:21:47","date_gmt":"2026-02-10T05:21:47","guid":{"rendered":"https:\/\/www.lintelligentdabidjan.info\/news\/?p=42305"},"modified":"2026-02-10T06:21:47","modified_gmt":"2026-02-10T05:21:47","slug":"blolequin-canton-boo-trazie-serge-pacome-plaide-pour-la-cohesion-sociale","status":"publish","type":"post","link":"https:\/\/www.lintelligentdabidjan.info\/news\/blolequin-canton-boo-trazie-serge-pacome-plaide-pour-la-cohesion-sociale\/","title":{"rendered":"Blolequin-Canton Boo : Trazie Serge Pac\u00f4me plaide pour la coh\u00e9sion sociale"},"content":{"rendered":"<p><strong>Du jeudi 5 au vendredi 6 f\u00e9vrier 2026, le conseiller r\u00e9gional Trazie Serge Pac\u00f4me, cadre du d\u00e9partement de Blolequin, a effectu\u00e9 une tourn\u00e9e dans le canton Boo pour pr\u00e9senter ses v\u0153ux de Nouvel An aux populations locales.<\/strong><\/p>\n<p>Conform\u00e9ment \u00e0 la tradition annuelle, Trazie Serge Pac\u00f4me a commenc\u00e9 sa mission par les sous-pr\u00e9fectures de Tinhou et de Dibok\u00e9, rencontrant chefs traditionnels, veuves, personnes vuln\u00e9rables et associations locales, notamment celles de la chambre des m\u00e9tiers de Blolequin. Ces rencontres ont \u00e9t\u00e9 l\u2019occasion pour le conseiller r\u00e9gional de transmettre ses v\u0153ux de sant\u00e9, de bonheur et de prosp\u00e9rit\u00e9 \u00e0 l\u2019ensemble des habitants.<\/p>\n<p>\u00ab Nous venons d\u2019entrer dans une nouvelle ann\u00e9e. Je suis venu vous souhaiter mes v\u0153ux de bonheur, de sant\u00e9 et de long\u00e9vit\u00e9. La ministre d\u2019\u00c9tat, ministre de la Fonction publique et de la Modernisation de l\u2019administration, passera ici pour les m\u00eames v\u0153ux, mais j\u2019ai souhait\u00e9 anticiper en tant que conseiller r\u00e9gional et cadre de Blolequin \u00bb, a d\u00e9clar\u00e9 Trazie Pac\u00f4me Serge.<\/p>\n<p>Le conseiller a \u00e9galement appel\u00e9 les populations \u00e0 privil\u00e9gier la coh\u00e9sion sociale et \u00e0 orienter leur action vers le d\u00e9veloppement local : \u00ab Nous avons achev\u00e9 la s\u00e9rie des \u00e9lections, pr\u00e9sidentielles et l\u00e9gislatives. Je souhaite d\u00e9sormais que nous mettions le cap sur la coh\u00e9sion sociale dans notre d\u00e9partement, et particuli\u00e8rement dans le canton, en solidarit\u00e9 avec nos fr\u00e8res de la CEDEAO. Nous devons partager une seule vision : celle du d\u00e9veloppement. \u00bb<\/p>\n<p>En r\u00e9ponse, le doyen des chefs du canton Boo, Lotti Jean, a salu\u00e9 les actions du conseiller aupr\u00e8s des populations et de la chefferie traditionnelle, tout en prodiguant b\u00e9n\u00e9dictions et conseils : \u00ab Nous voyons bien ton engagement en tant que parrain des jeunes du canton et ton respect constant pour la chefferie traditionnelle. Nous te disons merci. \u00bb<\/p>\n<p>Au-del\u00e0 des chefs traditionnels, Trazie Serge Pac\u00f4me a \u00e9galement rencontr\u00e9 les autres communaut\u00e9s d\u2019allog\u00e8nes du canton afin de renforcer le vivre-ensemble et la coh\u00e9sion sociale dans la r\u00e9gion.<\/p>\n<p><strong>Konhon Dominique<\/strong><\/p>\n<p>&nbsp;<\/p>\n<p>&nbsp;<\/p>\n<p>&nbsp;<\/p>\n","protected":false},"excerpt":{"rendered":"<p>Du jeudi 5 au vendredi 6 f\u00e9vrier 2026, le conseiller r\u00e9gional Trazie Serge Pac\u00f4me, cadre du d\u00e9partement de Blolequin, a effectu\u00e9 une tourn\u00e9e dans le canton Boo pour pr\u00e9senter ses v\u0153ux de Nouvel An aux populations locales. Conform\u00e9ment \u00e0 la tradition annuelle, Trazie Serge Pac\u00f4me a commenc\u00e9 sa mission par les sous-pr\u00e9fectures de Tinhou et [&hellip;]<\/p>\n","protected":false},"author":4,"featured_media":42306,"comment_status":"closed","ping_status":"closed","sticky":false,"template":"","format":"standard","meta":{"footnotes":""},"categories":[2,3],"tags":[1145,7075,6077,2148,7076],"class_list":["post-42305","post","type-post","status-publish","format-standard","has-post-thumbnail","hentry","category-featured","category-societe","tag-blolequin","tag-canton-boo","tag-la-cohesion-sociale","tag-plaide","tag-trazie-serge-pacome"],"_links":{"self":[{"href":"https:\/\/www.lintelligentdabidjan.info\/news\/wp-json\/wp\/v2\/posts\/42305","targetHints":{"allow":["GET"]}}],"collection":[{"href":"https:\/\/www.lintelligentdabidjan.info\/news\/wp-json\/wp\/v2\/posts"}],"about":[{"href":"https:\/\/www.lintelligentdabidjan.info\/news\/wp-json\/wp\/v2\/types\/post"}],"author":[{"embeddable":true,"href":"https:\/\/www.lintelligentdabidjan.info\/news\/wp-json\/wp\/v2\/users\/4"}],"replies":[{"embeddable":true,"href":"https:\/\/www.lintelligentdabidjan.info\/news\/wp-json\/wp\/v2\/comments?post=42305"}],"version-history":[{"count":1,"href":"https:\/\/www.lintelligentdabidjan.info\/news\/wp-json\/wp\/v2\/posts\/42305\/revisions"}],"predecessor-version":[{"id":42307,"href":"https:\/\/www.lintelligentdabidjan.info\/news\/wp-json\/wp\/v2\/posts\/42305\/revisions\/42307"}],"wp:featuredmedia":[{"embeddable":true,"href":"https:\/\/www.lintelligentdabidjan.info\/news\/wp-json\/wp\/v2\/media\/42306"}],"wp:attachment":[{"href":"https:\/\/www.lintelligentdabidjan.info\/news\/wp-json\/wp\/v2\/media?parent=42305"}],"wp:term":[{"taxonomy":"category","embeddable":true,"href":"https:\/\/www.lintelligentdabidjan.info\/news\/wp-json\/wp\/v2\/categories?post=42305"},{"taxonomy":"post_tag","embeddable":true,"href":"https:\/\/www.lintelligentdabidjan.info\/news\/wp-json\/wp\/v2\/tags?post=42305"}],"curies":[{"name":"wp","href":"https:\/\/api.w.org\/{rel}","templated":true}]}}