{"id":42320,"date":"2026-02-11T06:19:19","date_gmt":"2026-02-11T05:19:19","guid":{"rendered":"https:\/\/www.lintelligentdabidjan.info\/news\/?p=42320"},"modified":"2026-02-11T06:19:25","modified_gmt":"2026-02-11T05:19:25","slug":"careme-musulman-et-chretien-une-campagne-nationale-de-don-de-sang-lancee-pour-renforcer-les-reserves","status":"publish","type":"post","link":"https:\/\/www.lintelligentdabidjan.info\/news\/careme-musulman-et-chretien-une-campagne-nationale-de-don-de-sang-lancee-pour-renforcer-les-reserves\/","title":{"rendered":"Car\u00eame musulman et chr\u00e9tien: Une\u00a0 campagne nationale de don\u00a0 de sang lanc\u00e9e\u00a0 pour renforcer les r\u00e9serves\u00a0\u00a0"},"content":{"rendered":"<p><strong>Face \u00e0 la constante urgence des stocks de produits sanguins, le minist\u00e8re de la Promotion de la Jeunesse, en partenariat avec l\u2019Association des \u00e9tudiants en pharmacie, a lanc\u00e9 une campagne nationale de collecte de sang. Le d\u00e9marrage a eu lieu ce mardi 10 f\u00e9vrier 2026 \u00e0 l\u2019UFR des sciences m\u00e9dicales de l\u2019universit\u00e9 F\u00e9lix Houphou\u00ebt-Boigny d\u2019Abidjan.<\/strong><\/p>\n<p>Pour la Direction du civisme et de l\u2019engagement citoyen, cette initiative s\u2019inscrit dans une volont\u00e9 de renforcer le vivre-ensemble et de contribuer \u00e0 l\u2019augmentation des r\u00e9serves sanguines avant les p\u00e9riodes du car\u00eame musulman et chr\u00e9tien. \u00ab Cette activit\u00e9 est une action citoyenne, un geste de solidarit\u00e9 et un v\u00e9ritable don de soi. Donner son sang, c\u2019est sauver des vies. Ce don est anonyme, sans distinction d\u2019ethnie, de religion, de couleur politique ou de statut social \u00bb, a expliqu\u00e9 Danyus Constance, sous-directrice charg\u00e9e de la promotion du b\u00e9n\u00e9volat, du volontariat et des programmes communautaires.<\/p>\n<p>Akel\u00e9 Antoine, du Centre national de transfusion sanguine (CNTS) de Cocody, a salu\u00e9 l\u2019initiative et rappel\u00e9 l\u2019urgence des besoins : \u00ab Si toutes les structures s\u2019engageaient comme ce minist\u00e8re, nous atteindrions un niveau satisfaisant de disponibilit\u00e9 du sang. Une seule poche peut sauver une vie. Aujourd\u2019hui, le CNTS a besoin d\u2019environ 1 % de la population ivoirienne en dons annuels. Avec pr\u00e8s de 30 millions d\u2019habitants, nous enregistrons \u00e0 peine 300 000 dons par an, un chiffre largement insuffisant pour atteindre l\u2019autosuffisance. \u00bb<\/p>\n<p>Apr\u00e8s cette \u00e9tape inaugurale, la campagne se poursuivra mercredi 11 f\u00e9vrier \u00e0 la mairie centrale de Yopougon, jeudi 12 f\u00e9vrier \u00e0 l\u2019Universit\u00e9 F\u00e9lix Houphou\u00ebt-Boigny de Cocody et \u00e0 l\u2019esplanade de la mairie d\u2019Abobo, pour se cl\u00f4turer le samedi 14 f\u00e9vrier \u00e0 Yopougon-Niangon, \u00e0 la base CIE.<\/p>\n<p>Cette op\u00e9ration nationale vise \u00e0 sensibiliser les jeunes et la population en g\u00e9n\u00e9ral \u00e0 l\u2019importance du don de sang, symbole de solidarit\u00e9 et de citoyennet\u00e9, et \u00e0 soutenir le CNTS dans sa mission de garantir des r\u00e9serves suffisantes pour sauver des vies.<\/p>\n<p>&nbsp;<\/p>\n<p><strong>Tour\u00e9 Abdoulaye avec L. Abdul<\/strong><\/p>\n<p>&nbsp;<\/p>\n<p>&nbsp;<\/p>\n<p>&nbsp;<\/p>\n<p>&nbsp;<\/p>\n","protected":false},"excerpt":{"rendered":"<p>Face \u00e0 la constante urgence des stocks de produits sanguins, le minist\u00e8re de la Promotion de la Jeunesse, en partenariat avec l\u2019Association des \u00e9tudiants en pharmacie, a lanc\u00e9 une campagne nationale de collecte de sang. Le d\u00e9marrage a eu lieu ce mardi 10 f\u00e9vrier 2026 \u00e0 l\u2019UFR des sciences m\u00e9dicales de l\u2019universit\u00e9 F\u00e9lix Houphou\u00ebt-Boigny d\u2019Abidjan. [&hellip;]<\/p>\n","protected":false},"author":4,"featured_media":42321,"comment_status":"closed","ping_status":"closed","sticky":false,"template":"","format":"standard","meta":{"_monsterinsights_skip_tracking":false,"_monsterinsights_sitenote_active":false,"_monsterinsights_sitenote_note":"","_monsterinsights_sitenote_category":0,"footnotes":""},"categories":[2,3],"tags":[3331,7084,7086,1081,3990,7085],"class_list":["post-42320","post","type-post","status-publish","format-standard","has-post-thumbnail","hentry","category-featured","category-societe","tag-careme","tag-chretien","tag-les-reserves","tag-musulman","tag-renforcer","tag-une-campagne-nationale-de-don-de-sang"],"_links":{"self":[{"href":"https:\/\/www.lintelligentdabidjan.info\/news\/wp-json\/wp\/v2\/posts\/42320","targetHints":{"allow":["GET"]}}],"collection":[{"href":"https:\/\/www.lintelligentdabidjan.info\/news\/wp-json\/wp\/v2\/posts"}],"about":[{"href":"https:\/\/www.lintelligentdabidjan.info\/news\/wp-json\/wp\/v2\/types\/post"}],"author":[{"embeddable":true,"href":"https:\/\/www.lintelligentdabidjan.info\/news\/wp-json\/wp\/v2\/users\/4"}],"replies":[{"embeddable":true,"href":"https:\/\/www.lintelligentdabidjan.info\/news\/wp-json\/wp\/v2\/comments?post=42320"}],"version-history":[{"count":1,"href":"https:\/\/www.lintelligentdabidjan.info\/news\/wp-json\/wp\/v2\/posts\/42320\/revisions"}],"predecessor-version":[{"id":42322,"href":"https:\/\/www.lintelligentdabidjan.info\/news\/wp-json\/wp\/v2\/posts\/42320\/revisions\/42322"}],"wp:featuredmedia":[{"embeddable":true,"href":"https:\/\/www.lintelligentdabidjan.info\/news\/wp-json\/wp\/v2\/media\/42321"}],"wp:attachment":[{"href":"https:\/\/www.lintelligentdabidjan.info\/news\/wp-json\/wp\/v2\/media?parent=42320"}],"wp:term":[{"taxonomy":"category","embeddable":true,"href":"https:\/\/www.lintelligentdabidjan.info\/news\/wp-json\/wp\/v2\/categories?post=42320"},{"taxonomy":"post_tag","embeddable":true,"href":"https:\/\/www.lintelligentdabidjan.info\/news\/wp-json\/wp\/v2\/tags?post=42320"}],"curies":[{"name":"wp","href":"https:\/\/api.w.org\/{rel}","templated":true}]}}