{"id":42337,"date":"2026-02-12T08:03:26","date_gmt":"2026-02-12T07:03:26","guid":{"rendered":"https:\/\/www.lintelligentdabidjan.info\/news\/?p=42337"},"modified":"2026-02-12T08:03:33","modified_gmt":"2026-02-12T07:03:33","slug":"bondoukou-maizan-koffi-noel-la-mairie-doit-revenir-a-un-militant-du-rhdp","status":"publish","type":"post","link":"https:\/\/www.lintelligentdabidjan.info\/news\/bondoukou-maizan-koffi-noel-la-mairie-doit-revenir-a-un-militant-du-rhdp\/","title":{"rendered":"Bondoukou- Ma\u00efzan Koffi No\u00ebl : \u00ab La mairie doit revenir \u00e0 un militant du RHDP \u00bb"},"content":{"rendered":"<p><strong>Ma\u00efzan Koffi No\u00ebl a affich\u00e9 sa volont\u00e9 de voir la mairie de Bondoukou revenir dans l\u2019escarcelle du RHDP, \u00e0 l\u2019occasion de la remise officielle de son mandat de d\u00e9put\u00e9 de Bondoukou commune et sous-pr\u00e9fectures \u00e0 son suppl\u00e9ant, Yao Koffi Mouroufi\u00e9 Patrice, le samedi 7 f\u00e9vrier 2026.<\/strong><\/p>\n<p>Directeur g\u00e9n\u00e9ral du Fonds de Garantie Automobile (FGA) et secr\u00e9taire d\u00e9partemental du RHDP, il a clairement inscrit cette d\u00e9marche dans la perspective des prochaines \u00e9lections locales. \u00ab Nous avons deux \u00e9lections importantes qui viennent : les \u00e9lections r\u00e9gionales et les \u00e9lections municipales. La mairie de Bondoukou doit revenir \u00e0 un militant du RHDP. Et ce combat-l\u00e0, nous allons le mener avec d\u00e9termination, avec engagement et avec foi. Nous allons nous organiser sans faiblir. \u00bb, a-t-il d\u00e9clar\u00e9.<\/p>\n<p>Ma\u00efzan Koffi No\u00ebl a \u00e9galement salu\u00e9 la progression \u00e9lectorale du parti dans la circonscription, pass\u00e9e selon lui de 6 000 voix en 2016 \u00e0 pr\u00e8s de 15 000 en 2026, faisant de Bondoukou l\u2019une des zones &#8221;les plus performantes du district du Zanzan.&#8221;<\/p>\n<p>Revenant sur son mandat parlementaire, il a exprim\u00e9 sa reconnaissance aux militants, femmes et jeunes mobilis\u00e9s lors des l\u00e9gislatives du 27 d\u00e9cembre 2025. \u00ab Cette victoire, nous vous la devions, nous vous l\u2019attribuons, nous vous la d\u00e9dions. Merci aux jeunes qui se sont mobilis\u00e9s, qui ont cru \u00e0 ce combat et se sont lev\u00e9s pour dire non \u00e0 l\u2019imposture. \u00bb, a-t-il affirm\u00e9, annon\u00e7ant une tourn\u00e9e de remerciements et le renforcement des actions sociales \u00e0 Bondoukou.<\/p>\n<p>Prenant officiellement ses fonctions, Yao Koffi Mouroufi\u00e9 Patrice s\u2019est engag\u00e9 \u00e0 rester proche des populations. \u00ab Outre mes missions de d\u00e9put\u00e9 \u00e0 l\u2019Assembl\u00e9e nationale, j\u2019ai un engagement : celui d\u2019\u00eatre toujours \u00e0 vos c\u00f4t\u00e9s, de vous \u00e9couter et de mener ensemble le combat du d\u00e9veloppement. Le travail commence. \u00bb, a-t-il assur\u00e9.<\/p>\n<p>Cette transmission de mandat s\u2019inscrit dans le cadre du d\u00e9cret n\u00b02021-275 du 9 juin 2021, qui rend incompatible la fonction de directeur g\u00e9n\u00e9ral d\u2019une entreprise publique avec celle de d\u00e9put\u00e9.<\/p>\n<p>&nbsp;<\/p>\n<p><strong>Ibrahim Khalil<\/strong><\/p>\n<p>&nbsp;<\/p>\n<p>&nbsp;<\/p>\n<p>&nbsp;<\/p>\n<p>&nbsp;<\/p>\n<p>&nbsp;<\/p>\n<p>&nbsp;<\/p>\n<p>&nbsp;<\/p>\n<p>&nbsp;<\/p>\n","protected":false},"excerpt":{"rendered":"<p>Ma\u00efzan Koffi No\u00ebl a affich\u00e9 sa volont\u00e9 de voir la mairie de Bondoukou revenir dans l\u2019escarcelle du RHDP, \u00e0 l\u2019occasion de la remise officielle de son mandat de d\u00e9put\u00e9 de Bondoukou commune et sous-pr\u00e9fectures \u00e0 son suppl\u00e9ant, Yao Koffi Mouroufi\u00e9 Patrice, le samedi 7 f\u00e9vrier 2026. Directeur g\u00e9n\u00e9ral du Fonds de Garantie Automobile (FGA) et [&hellip;]<\/p>\n","protected":false},"author":4,"featured_media":42338,"comment_status":"closed","ping_status":"closed","sticky":false,"template":"","format":"standard","meta":{"_monsterinsights_skip_tracking":false,"_monsterinsights_sitenote_active":false,"_monsterinsights_sitenote_note":"","_monsterinsights_sitenote_category":0,"footnotes":""},"categories":[2,17],"tags":[1007,5406,6215,7094],"class_list":["post-42337","post","type-post","status-publish","format-standard","has-post-thumbnail","hentry","category-featured","category-politique","tag-bondoukou","tag-la-mairie","tag-maizan-koffi-noel","tag-un-militant-du-rhdp"],"_links":{"self":[{"href":"https:\/\/www.lintelligentdabidjan.info\/news\/wp-json\/wp\/v2\/posts\/42337","targetHints":{"allow":["GET"]}}],"collection":[{"href":"https:\/\/www.lintelligentdabidjan.info\/news\/wp-json\/wp\/v2\/posts"}],"about":[{"href":"https:\/\/www.lintelligentdabidjan.info\/news\/wp-json\/wp\/v2\/types\/post"}],"author":[{"embeddable":true,"href":"https:\/\/www.lintelligentdabidjan.info\/news\/wp-json\/wp\/v2\/users\/4"}],"replies":[{"embeddable":true,"href":"https:\/\/www.lintelligentdabidjan.info\/news\/wp-json\/wp\/v2\/comments?post=42337"}],"version-history":[{"count":1,"href":"https:\/\/www.lintelligentdabidjan.info\/news\/wp-json\/wp\/v2\/posts\/42337\/revisions"}],"predecessor-version":[{"id":42339,"href":"https:\/\/www.lintelligentdabidjan.info\/news\/wp-json\/wp\/v2\/posts\/42337\/revisions\/42339"}],"wp:featuredmedia":[{"embeddable":true,"href":"https:\/\/www.lintelligentdabidjan.info\/news\/wp-json\/wp\/v2\/media\/42338"}],"wp:attachment":[{"href":"https:\/\/www.lintelligentdabidjan.info\/news\/wp-json\/wp\/v2\/media?parent=42337"}],"wp:term":[{"taxonomy":"category","embeddable":true,"href":"https:\/\/www.lintelligentdabidjan.info\/news\/wp-json\/wp\/v2\/categories?post=42337"},{"taxonomy":"post_tag","embeddable":true,"href":"https:\/\/www.lintelligentdabidjan.info\/news\/wp-json\/wp\/v2\/tags?post=42337"}],"curies":[{"name":"wp","href":"https:\/\/api.w.org\/{rel}","templated":true}]}}