{"id":42340,"date":"2026-02-12T08:11:12","date_gmt":"2026-02-12T07:11:12","guid":{"rendered":"https:\/\/www.lintelligentdabidjan.info\/news\/?p=42340"},"modified":"2026-02-12T08:11:19","modified_gmt":"2026-02-12T07:11:19","slug":"wangalelimam-drissa-ouattara-celebre-30-ans-de-service-religieux","status":"publish","type":"post","link":"https:\/\/www.lintelligentdabidjan.info\/news\/wangalelimam-drissa-ouattara-celebre-30-ans-de-service-religieux\/","title":{"rendered":"Wangal\u00e9:L\u2019imam Drissa Ouattara c\u00e9l\u00e8bre 30 ans de service religieux"},"content":{"rendered":"<p><strong>La communaut\u00e9 musulmane de Wangal\u00e9, dans la sous-pr\u00e9fecture de Y\u00e9zimala (r\u00e9gion du Gontougo), a c\u00e9l\u00e9br\u00e9, le samedi 7 f\u00e9vrier 2025, les 30 ann\u00e9es de service religieux de l\u2019imam Drissa Ouattara, en pr\u00e9sence de nombreuses autorit\u00e9s locales, de fid\u00e8les et du parrain de la c\u00e9r\u00e9monie, Ma\u00eetre Kouassi Koffi Kouman, dit Zoulou Kof.<\/strong><\/p>\n<p>Situ\u00e9e \u00e0 plus de 30 kilom\u00e8tres de Bondoukou, la localit\u00e9 a accueilli cette comm\u00e9moration marqu\u00e9e par des pri\u00e8res, des t\u00e9moignages et des messages de reconnaissance \u00e0 l\u2019endroit du guide religieux, salu\u00e9 pour son engagement en faveur de la paix et de la coh\u00e9sion sociale.<\/p>\n<p>Prenant la parole, le parrain de la c\u00e9r\u00e9monie a rappel\u00e9 les liens d\u2019amiti\u00e9 qui l\u2019unissent \u00e0 l\u2019imam Drissa Ouattara.<\/p>\n<p>\u00ab L\u2019imam Drissa Ouattara est un ami. Normalement, je ne devrais m\u00eame pas \u00eatre son parrain, je devrais \u00eatre dans l\u2019organisation parce que c\u2019est un ami \u00e0 moi \u00bb, a-t-il d\u00e9clar\u00e9.<\/p>\n<p>Il a ensuite mis en avant le r\u00f4le de la communaut\u00e9 musulmane dans la pr\u00e9servation d\u2019un climat apais\u00e9 dans la r\u00e9gion du Gontougo, notamment lors des derni\u00e8res \u00e9ch\u00e9ances \u00e9lectorales, avant d\u2019appeler \u00e0 des pri\u00e8res pour les autorit\u00e9s et la stabilit\u00e9 du pays.<\/p>\n<p>L\u2019imam Drissa Ouattara a exprim\u00e9 sa reconnaissance aux fid\u00e8les et aux organisateurs, formulant des b\u00e9n\u00e9dictions pour la paix durable, l\u2019unit\u00e9 nationale et le bien-\u00eatre des populations.<\/p>\n<p>La c\u00e9r\u00e9monie s\u2019est d\u00e9roul\u00e9e en pr\u00e9sence de la sous-pr\u00e9f\u00e8te de Y\u00e9zimala, Akor\u00e9 n\u00e9e Bodo Lydie, traduisant l\u2019int\u00e9r\u00eat des autorit\u00e9s administratives pour cet hommage rendu \u00e0 une figure religieuse locale.<\/p>\n<p><strong>Ibrahim Khalil\u00a0<\/strong><\/p>\n<p>&nbsp;<\/p>\n<p>&nbsp;<\/p>\n<p>&nbsp;<\/p>\n<p>&nbsp;<\/p>\n<p>&nbsp;<\/p>\n<p>&nbsp;<\/p>\n","protected":false},"excerpt":{"rendered":"<p>La communaut\u00e9 musulmane de Wangal\u00e9, dans la sous-pr\u00e9fecture de Y\u00e9zimala (r\u00e9gion du Gontougo), a c\u00e9l\u00e9br\u00e9, le samedi 7 f\u00e9vrier 2025, les 30 ann\u00e9es de service religieux de l\u2019imam Drissa Ouattara, en pr\u00e9sence de nombreuses autorit\u00e9s locales, de fid\u00e8les et du parrain de la c\u00e9r\u00e9monie, Ma\u00eetre Kouassi Koffi Kouman, dit Zoulou Kof. Situ\u00e9e \u00e0 plus de [&hellip;]<\/p>\n","protected":false},"author":4,"featured_media":42341,"comment_status":"closed","ping_status":"closed","sticky":false,"template":"","format":"standard","meta":{"footnotes":""},"categories":[2,3],"tags":[7096,7097,7095],"class_list":["post-42340","post","type-post","status-publish","format-standard","has-post-thumbnail","hentry","category-featured","category-societe","tag-limam-drissa-ouattara","tag-service-religieux","tag-wangale"],"_links":{"self":[{"href":"https:\/\/www.lintelligentdabidjan.info\/news\/wp-json\/wp\/v2\/posts\/42340","targetHints":{"allow":["GET"]}}],"collection":[{"href":"https:\/\/www.lintelligentdabidjan.info\/news\/wp-json\/wp\/v2\/posts"}],"about":[{"href":"https:\/\/www.lintelligentdabidjan.info\/news\/wp-json\/wp\/v2\/types\/post"}],"author":[{"embeddable":true,"href":"https:\/\/www.lintelligentdabidjan.info\/news\/wp-json\/wp\/v2\/users\/4"}],"replies":[{"embeddable":true,"href":"https:\/\/www.lintelligentdabidjan.info\/news\/wp-json\/wp\/v2\/comments?post=42340"}],"version-history":[{"count":1,"href":"https:\/\/www.lintelligentdabidjan.info\/news\/wp-json\/wp\/v2\/posts\/42340\/revisions"}],"predecessor-version":[{"id":42342,"href":"https:\/\/www.lintelligentdabidjan.info\/news\/wp-json\/wp\/v2\/posts\/42340\/revisions\/42342"}],"wp:featuredmedia":[{"embeddable":true,"href":"https:\/\/www.lintelligentdabidjan.info\/news\/wp-json\/wp\/v2\/media\/42341"}],"wp:attachment":[{"href":"https:\/\/www.lintelligentdabidjan.info\/news\/wp-json\/wp\/v2\/media?parent=42340"}],"wp:term":[{"taxonomy":"category","embeddable":true,"href":"https:\/\/www.lintelligentdabidjan.info\/news\/wp-json\/wp\/v2\/categories?post=42340"},{"taxonomy":"post_tag","embeddable":true,"href":"https:\/\/www.lintelligentdabidjan.info\/news\/wp-json\/wp\/v2\/tags?post=42340"}],"curies":[{"name":"wp","href":"https:\/\/api.w.org\/{rel}","templated":true}]}}