{"id":42364,"date":"2026-02-13T06:44:56","date_gmt":"2026-02-13T05:44:56","guid":{"rendered":"https:\/\/www.lintelligentdabidjan.info\/news\/?p=42364"},"modified":"2026-02-13T06:44:56","modified_gmt":"2026-02-13T05:44:56","slug":"interview-brice-regusta-gbessi-expert-en-economie-circulaire-et-gestion-des-dechets-les-dechets-sont-une-ressource-a-valoriser-pas-un-probleme-a-cacher","status":"publish","type":"post","link":"https:\/\/www.lintelligentdabidjan.info\/news\/interview-brice-regusta-gbessi-expert-en-economie-circulaire-et-gestion-des-dechets-les-dechets-sont-une-ressource-a-valoriser-pas-un-probleme-a-cacher\/","title":{"rendered":"Interview \u2013 Brice R\u00e9gusta Gbessi, expert en \u00e9conomie circulaire et gestion des d\u00e9chets :  \u00ab Les d\u00e9chets sont une ressource \u00e0 valoriser, pas un probl\u00e8me \u00e0 cacher \u00bb"},"content":{"rendered":"<p><strong>Dans cette interview accord\u00e9e \u00e0 L\u2019Intelligent d\u2019Abidjan, Brice R\u00e9gusta Gbessi, responsable de projet pour la r\u00e9duction des d\u00e9chets au sein d\u2019un syndicat du sud-est de la France, directeur du cabinet Circular Expertise et pr\u00e9sident de l\u2019APECI (Association pour la Promotion de l\u2019\u00c9conomie Circulaire en C\u00f4te d\u2019Ivoire), livre son diagnostic sur la gestion des d\u00e9chets dans le pays et explique comment l\u2019\u00e9conomie circulaire peut devenir un levier de d\u00e9veloppement \u00e9conomique et d\u2019emplois.<\/strong><\/p>\n<p><strong>Selon les donn\u00e9es du CIAPOL, la C\u00f4te d\u2019Ivoire produit chaque ann\u00e9e entre 40 000 et 100 000 tonnes de d\u00e9chets plastiques, dont seulement 5 \u00e0 20 % sont recycl\u00e9s, le reste polluant les sols et la lagune \u00c9bri\u00e9. Face \u00e0 ce constat, quel diagnostic faites-vous aujourd\u2019hui de la gestion des d\u00e9chets dans le pays ?<\/strong><\/p>\n<p>Depuis 1960, lors de l\u2019accession \u00e0 l\u2019ind\u00e9pendance de la C\u00f4te d\u2019Ivoire, nous aurions d\u00fb proposer un plan d\u2019action, un plan de modernisation de notre syst\u00e8me de gestion des d\u00e9chets, ce qui n\u2019a pas \u00e9t\u00e9 fait. Et si cela a \u00e9t\u00e9 fait, cela n\u2019a pas \u00e9t\u00e9 suivi, cela n\u2019a pas \u00e9t\u00e9 mis en pratique. Donc la population est mont\u00e9e, on va dire, \u00e0 une d\u00e9mographie galopante et nous sommes rest\u00e9s avec des d\u00e9charges sauvages, tant \u00e0 Abidjan avec la d\u00e9charge d\u2019Akou\u00e9do que dans toutes les autres villes de la C\u00f4te d\u2019Ivoire. Aujourd\u2019hui, en 2025, il y a eu des avanc\u00e9es, notamment la cr\u00e9ation de l\u2019Anaged , les contrats de d\u00e9l\u00e9gation du service public Ecoti SA &#8211; Eco Eburnie. Il y a eu \u00e9galement la construction des sites d\u2019enfouissement technique, mais je pense qu\u2019il y a encore beaucoup qui reste \u00e0 faire, notamment la sensibilisation au changement de comportement des habitants et \u00e9galement la cr\u00e9ation, la construction des centres de tri, parce que dans la hi\u00e9rarchie des normes de traitement des d\u00e9chets, au premier niveau, c\u2019est la pr\u00e9vention. Au deuxi\u00e8me niveau, c\u2019est le recyclage, la r\u00e9utilisation et le r\u00e9emploi. Au troisi\u00e8me niveau, c\u2019est la valorisation \u00e9nerg\u00e9tique et organique. Et c\u2019est au dernier niveau que se trouve l\u2019enfouissement. Donc je crois qu\u2019il y a des choses qui ont \u00e9t\u00e9 faites depuis lors. Il y a m\u00eame des projets qui sont en cours, notamment le site d\u2019enfouissement en construction de Toumodi, celui d\u2019Anyama et celui de Korhogo, je crois. Nos d\u00e9cideurs et toutes les entreprises concern\u00e9es devraient penser d\u2019abord \u00e0 des centres de tri, ensuite \u00e0 des sites de r\u00e9emploi, de r\u00e9utilisation et de valorisation \u00e9nerg\u00e9tique et organique, et enfin aussi d\u2019enfouissement. Le site d\u2019enfouissement, c\u2019est le dernier niveau, mais le plus important, c\u2019est que le meilleur d\u00e9chet, c\u2019est celui qu\u2019on ne produit pas. Tous\u00a0 les Ivoiriens devraient changer de comportement par rapport aux d\u00e9chets. On ne devrait pas s\u2019en d\u00e9barrasser, on devrait plut\u00f4t les valoriser. Voil\u00e0 un peu le diagnostic que je fais. Et je pense aussi qu\u2019il faut associer \u00e0 cette politique-l\u00e0 la soci\u00e9t\u00e9 civile, les diff\u00e9rents acteurs des forces vives de la nation et instruire depuis le bas \u00e2ge jusqu\u2019\u00e0 l\u2019universit\u00e9 \u00e0 la protection de l\u2019environnement, \u00e0 avoir un rapport sain avec les d\u00e9chets que nous produisons.<\/p>\n<p><strong>L\u2019\u00e9conomie circulaire est de plus en plus \u00e9voqu\u00e9e. Comment expliquer simplement ce concept au grand public ?<\/strong><\/p>\n<p>L\u2019\u00e9conomie circulaire est un principe de production, de consommation et de valorisation qui est n\u00e9 en Angleterre\u00a0 et qui a \u00e9t\u00e9 d\u00e9ploy\u00e9 aux \u00c9tats Unis. On va dire, en fran\u00e7ais acceptable et accessible, c\u2019est lorsque nos d\u00e9chets, les d\u00e9chets des autres deviennent des ressources, deviennent de nouvelles mati\u00e8res premi\u00e8res secondaires. C\u2019est un processus qui permet, \u00e0 chaque niveau du cycle de vie d\u2019un produit, de r\u00e9introduire le d\u00e9chet en tant que nouvelle mati\u00e8re premi\u00e8re pour une efficacit\u00e9 au niveau de la production et une r\u00e9duction de l\u2019impact sur les ressources naturelles. Il y a plusieurs exemples, notamment le clair-clo en C\u00f4te d\u2019Ivoire. C\u2019est de la banane plantain qui normalement \u00e9tait vou\u00e9e \u00e0 \u00eatre jet\u00e9e, mais qui est r\u00e9utilis\u00e9e. On a eu des sandales qui ont \u00e9t\u00e9 faites avec des pneus, on a des mobiliers, c\u2019est de l\u2019\u00e9conomie circulaire. Les avantages de l\u2019\u00e9conomie circulaire sont de plusieurs types. Le premier type, c\u2019est au niveau de l\u2019emploi. En fait, l\u2019\u00e9conomie circulaire va encourager les d\u00e9cideurs \u00e0 instaurer le tri des d\u00e9chets. Mais avant le tri des d\u00e9chets \u00e0 instaurer, la r\u00e9duction des d\u00e9chets. Au niveau du tri des d\u00e9chets, il y aura la construction de plusieurs centres de tri. Et g\u00e9n\u00e9ralement, dans ces centres de tri, il faut compter \u00e0 plus de 500 postes en direct, des techniciens, des agents de tri. En plus, ce sont des emplois qui ne n\u00e9cessitent pas une diplomation assez \u00e9lev\u00e9e. Ce sont des emplois de techniciens et tout. \u00c9galement, il y a ce qu\u2019on appelle les valoristes. Les valoristes, c\u2019est ceux qui vont accompagner tout ce qui est ressourcerie, recyclerie, tiers-lieu \u00e9galement.<\/p>\n<p><strong>En quoi la gestion durable des d\u00e9chets et l\u2019\u00e9conomie circulaire peuvent-elles transformer les d\u00e9chets en ressources et devenir un levier de d\u00e9veloppement \u00e9conomique et d\u2019emplois ?<\/strong><\/p>\n<p>L\u2019\u00c9tat devrait conduire et piloter la strat\u00e9gie nationale de promotion de l\u2019\u00e9conomie circulaire. Cette strat\u00e9gie existe d\u00e9j\u00e0. Elle est de 2023 \u00e0 2027 et la strat\u00e9gie est incluse dans le PND de 2026 \u00e0 2031 ou 2032, si j\u2019ai bonne m\u00e9moire. Au-del\u00e0 de cela, dans cette strat\u00e9gie, l\u2019\u00c9tat devra l\u00e9gif\u00e9rer clairement sur l\u2019obligation pour les habitants et les entreprises et les autres structures \u00e0 proc\u00e9der au tri des d\u00e9chets. L\u2019\u00c9tat devrait ouvrir les portes \u00e0 des entreprises pour construire plusieurs centres de tri dans la ville d\u2019Abidjan et \u00e9galement dans les autres grandes m\u00e9tropoles de la C\u00f4te d\u2019Ivoire. L\u2019\u00c9tat devrait financer les associations qui seraient accompagn\u00e9es dans la collecte, le tri et la valorisation des d\u00e9chets, notamment en cr\u00e9ant des ressourceries, des recycleries et autres structures avec des d\u00e9chetteries techniques. L\u2019\u00c9tat devrait accompagner les entreprises \u00e0 investir dans le domaine des d\u00e9chets afin de cr\u00e9er des structures qui vont les valoriser\u00a0 . L\u2019\u00c9tat devrait aussi l\u00e9gif\u00e9rer ou d\u00e9centraliser la comp\u00e9tence de la gestion des d\u00e9chets, parce que, pour l\u2019instant, cette comp\u00e9tence\u00a0 est cumul\u00e9e dans les mains de l\u2019ANAGED, l\u2019Agence nationale de gestion des d\u00e9chets.Donc je crois que ce qui serait bien, c\u2019est que ces comp\u00e9tences reviennent aux communes, qui ont la proximit\u00e9 des habitants et qui pourront mener davantage cet engagement. \u00c0 d\u00e9faut des communes, on a les conseils r\u00e9gionaux, on a les d\u00e9partements. Donc ce sont ces d\u00e9membrements de l\u2019\u00c9tat qui devraient assurer ce suivi-l\u00e0, quoique l\u2019ANAGED pourrait piloter le service ou le syst\u00e8me g\u00e9n\u00e9ral.<\/p>\n<p><strong>Concr\u00e8tement, que peuvent faire les citoyens, les entreprises et les collectivit\u00e9s locales pour am\u00e9liorer la gestion des d\u00e9chets au quotidien ?<\/strong><\/p>\n<p>Au niveau des entreprises, elles\u00a0 vont accompagner la dynamique \u00e9tatique. Elles vont payer ce qu\u2019on appelle les taxes sp\u00e9ciales. Elles vont investir et r\u00e9aliser ce qu\u2019on appelle les \u00e9co-conceptions. Donc elles vont concevoir des produits qui respecteraient les normes en mati\u00e8re de gestion durable des d\u00e9chets. Elles seront oblig\u00e9es d\u2019utiliser \u00e9galement des mati\u00e8res premi\u00e8res issues du recyclage. Elles vont faire ce qu\u2019on appelle la recherche et d\u00e9veloppement dans le domaine du recyclage et de la r\u00e9utilisation. Au niveau des habitants, les habitants devraient changer de comportement. Aujourd\u2019hui, quand on a un d\u00e9chet, le premier r\u00e9flexe, c\u2019est de se demander : comment je pourrais le valoriser ? Ce n\u2019est pas juste comment m\u2019en d\u00e9barrasser, mais comment je pourrais le valoriser. Et v\u00e9rifier, en fait, dans notre consommation, se poser la question : est-ce que nous avons vraiment besoin de ce que nous souhaitons acheter ? Parce que le meilleur des d\u00e9chets, c\u2019est celui que nous ne produisons pas. L\u2019id\u00e9e, c\u2019est que toutes les forces vives de la nation s\u2019engagent \u00e0 pr\u00e9server notre environnement, chacun \u00e0 son niveau, s\u2019engage \u00e0 ne pas consommer pour consommer, mais s\u2019engage \u00e0 pratiquer les actions vertueuses pour que notre environnement soit de plus en plus sain.<\/p>\n<p><strong>Lors de la r\u00e9cente COP30, la C\u00f4te d\u2019Ivoire a r\u00e9affirm\u00e9 son ambition de r\u00e9duire ses \u00e9missions de gaz \u00e0 effet de serre et de prot\u00e9ger ses for\u00eats. Selon vous, comment ces engagements peuvent-ils soutenir, au niveau local, la transition vers une \u00e9conomie circulaire et la r\u00e9duction des d\u00e9chets ?<\/strong><\/p>\n<p>Effectivement, lors de la COP30, la C\u00f4te d&#8217;Ivoire a men\u00e9 des discussions relativement au r\u00e9chauffement climatique, mais j&#8217;aimerais aussi pr\u00e9ciser que, dans les contributions des nations, selon la COP de Paris de 2015, l&#8217;\u00c9tat de C\u00f4te d&#8217;Ivoire s&#8217;est engag\u00e9 \u00e0 mener des actions pour r\u00e9duire l&#8217;impact des gaz \u00e0 effet de serre sur le r\u00e9chauffement climatique en C\u00f4te d&#8217;Ivoire. Quand vous prenez la liste de ces actions, vous allez voir qu&#8217;il y a\u00a0 celles qui concernent sp\u00e9cifiquement les d\u00e9chets. Donc aujourd&#8217;hui, tout ce qui concerne la r\u00e9duction des d\u00e9chets, le recyclage, le r\u00e9emploi, la r\u00e9utilisation, la valorisation \u00e9nerg\u00e9tique et la valorisation organique contribuent \u00e0 ne pas ou \u00e0 r\u00e9duire au maximum l&#8217;extraction des mati\u00e8res premi\u00e8res et donc permettre au couvert v\u00e9g\u00e9tal de ne pas \u00eatre agress\u00e9, permettre aux ressources naturelles d&#8217;\u00eatre pr\u00e9serv\u00e9es. Du coup, ces ressources-l\u00e0 vont capter davantage de dioxyde de carbone et ralentir l&#8217;avanc\u00e9e du r\u00e9chauffement climatique. \u00c0 c\u00f4t\u00e9 de \u00e7a, il y a la question du tri. Le tri, en fait, va baisser le niveau de collecte de ces gros camions que nous voyons circuler dans la ville d&#8217;Abidjan. Nous savons que le transport est tr\u00e8s important dans la collecte des d\u00e9chets, et la part du transport, en termes d&#8217;argent mais aussi en termes d&#8217;\u00e9missions de gaz \u00e0 effet de serre, est tr\u00e8s importante. C&#8217;est pour \u00e7a que nous pr\u00e9conisons le tri \u00e0 la source des d\u00e9chets dans les m\u00e9nages, tant les d\u00e9chets d&#8217;emballage que les biod\u00e9chets. Cela va faire en sorte que les tours de collecte vont \u00eatre r\u00e9duits et que le tonnage de d\u00e9chets qui sera \u00e0 collecter va baisser. Au-del\u00e0 de cela, nous ne croyons pas que l&#8217;enfouissement soit la solution, parce que l&#8217;enfouissement, le d\u00e9chet, il est perdu. Mais le tri va permettre de r\u00e9cup\u00e9rer cette part de d\u00e9chets, ce qu&#8217;on appelle l&#8217;or dur, qui vont \u00eatre r\u00e9inject\u00e9s, donc r\u00e9utilis\u00e9s. Cela va limiter le gaspillage des ressources et contribuer \u00e9galement \u00e0 la limitation du r\u00e9chauffement climatique. Donc r\u00e9chauffement climatique et gestion durable des d\u00e9chets, ce n&#8217;est pas antinomique.<\/p>\n<p><strong>L\u2019Intelligent TV c\u00e9l\u00e8bre ses 5 ans d\u2019existence ce samedi\u00a0 14 f\u00e9vrier 2026 . Quel regard portez-vous sur le parcours de ce m\u00e9dia et quel message souhaitez-vous adresser \u00e0 l\u2019\u00e9quipe et aux t\u00e9l\u00e9spectateurs ?<\/strong><\/p>\n<p>Oui, joyeux anniversaire \u00e0 L\u2019Intelligent TV. Voil\u00e0 la web TV du journal L\u2019Intelligent d\u2019Abidjan. Merci pour tout le travail qui a \u00e9t\u00e9 abattu durant toutes ces ann\u00e9es. Merci d&#8217;avoir assur\u00e9, en fait, la modernisation du syst\u00e8me d&#8217;information. Et cinq ans, ce n&#8217;est pas cinq jours, ce n&#8217;est pas cinq mois. Vous avez su gagner le c\u0153ur des Ivoiriens. Vous b\u00e9n\u00e9ficiez d&#8217;une impartialit\u00e9. Mon message, c&#8217;est reconna\u00eetre que les m\u00e9dias jouent un r\u00f4le tr\u00e8s important dans la sensibilisation des populations en C\u00f4te d&#8217;Ivoire et que nous comptons sur vous pour contribuer au changement des comportements, notamment dans la question de la gestion durable des d\u00e9chets, car le premier niveau, au niveau de la pyramide des traitements des d\u00e9chets, c&#8217;est la pr\u00e9vention, c&#8217;est la r\u00e9duction. Et cela passe par un changement de comportement via la sensibilisation. Et qui parle de sensibilisation, de communication, parle de presse.<\/p>\n<p><strong>R\u00e9alis\u00e9e par Moustapha Isma\u00efla<\/strong><\/p>\n<p>&nbsp;<\/p>\n<p>&nbsp;<\/p>\n<p>&nbsp;<\/p>\n","protected":false},"excerpt":{"rendered":"<p>Dans cette interview accord\u00e9e \u00e0 L\u2019Intelligent d\u2019Abidjan, Brice R\u00e9gusta Gbessi, responsable de projet pour la r\u00e9duction des d\u00e9chets au sein d\u2019un syndicat du sud-est de la France, directeur du cabinet Circular Expertise et pr\u00e9sident de l\u2019APECI (Association pour la Promotion de l\u2019\u00c9conomie Circulaire en C\u00f4te d\u2019Ivoire), livre son diagnostic sur la gestion des d\u00e9chets dans [&hellip;]<\/p>\n","protected":false},"author":4,"featured_media":42365,"comment_status":"closed","ping_status":"closed","sticky":false,"template":"","format":"standard","meta":{"footnotes":""},"categories":[2,3],"tags":[7112,7113,2030,2438,7114],"class_list":["post-42364","post","type-post","status-publish","format-standard","has-post-thumbnail","hentry","category-featured","category-societe","tag-brice-regusta-gbessi","tag-expert-en-economie-circulaire","tag-gestion","tag-interview","tag-les-dechets"],"_links":{"self":[{"href":"https:\/\/www.lintelligentdabidjan.info\/news\/wp-json\/wp\/v2\/posts\/42364","targetHints":{"allow":["GET"]}}],"collection":[{"href":"https:\/\/www.lintelligentdabidjan.info\/news\/wp-json\/wp\/v2\/posts"}],"about":[{"href":"https:\/\/www.lintelligentdabidjan.info\/news\/wp-json\/wp\/v2\/types\/post"}],"author":[{"embeddable":true,"href":"https:\/\/www.lintelligentdabidjan.info\/news\/wp-json\/wp\/v2\/users\/4"}],"replies":[{"embeddable":true,"href":"https:\/\/www.lintelligentdabidjan.info\/news\/wp-json\/wp\/v2\/comments?post=42364"}],"version-history":[{"count":1,"href":"https:\/\/www.lintelligentdabidjan.info\/news\/wp-json\/wp\/v2\/posts\/42364\/revisions"}],"predecessor-version":[{"id":42366,"href":"https:\/\/www.lintelligentdabidjan.info\/news\/wp-json\/wp\/v2\/posts\/42364\/revisions\/42366"}],"wp:featuredmedia":[{"embeddable":true,"href":"https:\/\/www.lintelligentdabidjan.info\/news\/wp-json\/wp\/v2\/media\/42365"}],"wp:attachment":[{"href":"https:\/\/www.lintelligentdabidjan.info\/news\/wp-json\/wp\/v2\/media?parent=42364"}],"wp:term":[{"taxonomy":"category","embeddable":true,"href":"https:\/\/www.lintelligentdabidjan.info\/news\/wp-json\/wp\/v2\/categories?post=42364"},{"taxonomy":"post_tag","embeddable":true,"href":"https:\/\/www.lintelligentdabidjan.info\/news\/wp-json\/wp\/v2\/tags?post=42364"}],"curies":[{"name":"wp","href":"https:\/\/api.w.org\/{rel}","templated":true}]}}