{"id":42384,"date":"2026-02-16T13:19:01","date_gmt":"2026-02-16T12:19:01","guid":{"rendered":"https:\/\/www.lintelligentdabidjan.info\/news\/?p=42384"},"modified":"2026-02-16T13:20:10","modified_gmt":"2026-02-16T12:20:10","slug":"enseignement-superieur-luniversite-jean-lorougnon-guede-celebre-son-premier-agrege-maison","status":"publish","type":"post","link":"https:\/\/www.lintelligentdabidjan.info\/news\/enseignement-superieur-luniversite-jean-lorougnon-guede-celebre-son-premier-agrege-maison\/","title":{"rendered":"Enseignement sup\u00e9rieur : L\u2019Universit\u00e9 Jean Lorougnon Gu\u00e9d\u00e9 c\u00e9l\u00e8bre son premier agr\u00e9g\u00e9 maison\u00a0"},"content":{"rendered":"<div><strong>L\u2019Universit\u00e9 Jean Lorougnon Gu\u00e9d\u00e9 de Daloa a c\u00e9l\u00e9br\u00e9, le 12 f\u00e9vrier 2026, son tout premier agr\u00e9g\u00e9 issu de ses propres rangs en sciences juridiques. Il s\u2019agit de Tra Bi Za\u00e9 Fid\u00e8le, admis \u00e0 la 22\u1d49 \u00e9dition du concours d\u2019agr\u00e9gation des Sciences juridiques, politiques, \u00e9conomiques et de gestion (SJPEG) du Conseil Africain et Malgache de l\u2019Enseignement Sup\u00e9rieur (CAMES).\u00a0<\/strong><\/div>\n<div><\/div>\n<div>Il a obtenu le grade de Ma\u00eetre de conf\u00e9rences agr\u00e9g\u00e9 en Histoire du droit et des institutions.<\/div>\n<div><\/div>\n<div>La c\u00e9r\u00e9monie, organis\u00e9e \u00e0 l\u2019amphith\u00e9\u00e2tre Tidou, a r\u00e9uni autorit\u00e9s universitaires, enseignants-chercheurs, \u00e9tudiants et invit\u00e9s, venus saluer cette distinction acad\u00e9mique.<\/div>\n<div><\/div>\n<div>La pr\u00e9sidente de l\u2019universit\u00e9, Pr Adohi Krou Viviane, a exprim\u00e9 sa fiert\u00e9 face \u00e0 \u00ab une cons\u00e9cration qui honore l\u2019ensemble de l\u2019institution \u00bb.<\/div>\n<div><\/div>\n<div>Elle a invit\u00e9 les enseignants-chercheurs \u00e0 s\u2019inspirer de ce parcours, symbole de pers\u00e9v\u00e9rance et d\u2019excellence.<\/div>\n<div><\/div>\n<div>Aux c\u00f4t\u00e9s du directeur de l\u2019UFR Sciences juridiques, elle a officiellement distingu\u00e9 le nouvel agr\u00e9g\u00e9, soulignant que cette r\u00e9ussite s\u2019inscrit dans la dynamique de promotion de l\u2019excellence acad\u00e9mique engag\u00e9e par l\u2019\u00e9tablissement.<\/div>\n<div><\/div>\n<div>\u00c9mu, Tra Bi Za\u00e9 Fid\u00e8le a adress\u00e9 un message d\u2019encouragement aux jeunes enseignants et \u00e9tudiants : \u00ab Le concours est exigeant, complexe, mais pas impossible pour celui qui le veut r\u00e9ellement. \u00bb<\/div>\n<div><\/div>\n<div>Il a \u00e9galement salu\u00e9 l\u2019accompagnement institutionnel dont il a b\u00e9n\u00e9fici\u00e9 durant sa pr\u00e9paration.<\/div>\n<div><\/div>\n<div>Au-del\u00e0 d\u2019une performance individuelle, cette agr\u00e9gation renforce le rayonnement de l\u2019universit\u00e9, qui d\u00e9montre ainsi sa capacit\u00e9 \u00e0 former et promouvoir ses propres \u00e9lites acad\u00e9miques, consolidant son positionnement dans le paysage universitaire ivoirien et sous-r\u00e9gional.<\/div>\n<div><\/div>\n<div><\/div>\n<div><strong>Beker Yao\u00a0<\/strong><\/div>\n<div><\/div>\n<div><\/div>\n<div><\/div>\n<div><\/div>\n","protected":false},"excerpt":{"rendered":"<p>L\u2019Universit\u00e9 Jean Lorougnon Gu\u00e9d\u00e9 de Daloa a c\u00e9l\u00e9br\u00e9, le 12 f\u00e9vrier 2026, son tout premier agr\u00e9g\u00e9 issu de ses propres rangs en sciences juridiques. Il s\u2019agit de Tra Bi Za\u00e9 Fid\u00e8le, admis \u00e0 la 22\u1d49 \u00e9dition du concours d\u2019agr\u00e9gation des Sciences juridiques, politiques, \u00e9conomiques et de gestion (SJPEG) du Conseil Africain et Malgache de l\u2019Enseignement [&hellip;]<\/p>\n","protected":false},"author":4,"featured_media":42385,"comment_status":"closed","ping_status":"closed","sticky":false,"template":"","format":"standard","meta":{"footnotes":""},"categories":[2,3],"tags":[514,5565],"class_list":["post-42384","post","type-post","status-publish","format-standard","has-post-thumbnail","hentry","category-featured","category-societe","tag-enseignement-superieur","tag-luniversite-jean-lorougnon-guede"],"_links":{"self":[{"href":"https:\/\/www.lintelligentdabidjan.info\/news\/wp-json\/wp\/v2\/posts\/42384","targetHints":{"allow":["GET"]}}],"collection":[{"href":"https:\/\/www.lintelligentdabidjan.info\/news\/wp-json\/wp\/v2\/posts"}],"about":[{"href":"https:\/\/www.lintelligentdabidjan.info\/news\/wp-json\/wp\/v2\/types\/post"}],"author":[{"embeddable":true,"href":"https:\/\/www.lintelligentdabidjan.info\/news\/wp-json\/wp\/v2\/users\/4"}],"replies":[{"embeddable":true,"href":"https:\/\/www.lintelligentdabidjan.info\/news\/wp-json\/wp\/v2\/comments?post=42384"}],"version-history":[{"count":1,"href":"https:\/\/www.lintelligentdabidjan.info\/news\/wp-json\/wp\/v2\/posts\/42384\/revisions"}],"predecessor-version":[{"id":42386,"href":"https:\/\/www.lintelligentdabidjan.info\/news\/wp-json\/wp\/v2\/posts\/42384\/revisions\/42386"}],"wp:featuredmedia":[{"embeddable":true,"href":"https:\/\/www.lintelligentdabidjan.info\/news\/wp-json\/wp\/v2\/media\/42385"}],"wp:attachment":[{"href":"https:\/\/www.lintelligentdabidjan.info\/news\/wp-json\/wp\/v2\/media?parent=42384"}],"wp:term":[{"taxonomy":"category","embeddable":true,"href":"https:\/\/www.lintelligentdabidjan.info\/news\/wp-json\/wp\/v2\/categories?post=42384"},{"taxonomy":"post_tag","embeddable":true,"href":"https:\/\/www.lintelligentdabidjan.info\/news\/wp-json\/wp\/v2\/tags?post=42384"}],"curies":[{"name":"wp","href":"https:\/\/api.w.org\/{rel}","templated":true}]}}