{"id":42396,"date":"2026-02-17T06:23:27","date_gmt":"2026-02-17T05:23:27","guid":{"rendered":"https:\/\/www.lintelligentdabidjan.info\/news\/?p=42396"},"modified":"2026-02-17T06:23:36","modified_gmt":"2026-02-17T05:23:36","slug":"musique-daale-lope-signe-son-retour-avec-un-maxi-single-engage","status":"publish","type":"post","link":"https:\/\/www.lintelligentdabidjan.info\/news\/musique-daale-lope-signe-son-retour-avec-un-maxi-single-engage\/","title":{"rendered":"Musique :Daal\u00e9 Lop\u00e9 signe son retour avec un maxi-single engag\u00e9"},"content":{"rendered":"<p><strong>Le samedi 14 f\u00e9vrier 2026 \u00e0 Abidjan-Cocody, l\u2019artiste Akr\u00e9 Jean Pierre, connu sous le nom de sc\u00e8ne Daal\u00e9 Lop\u00e9, a anim\u00e9 une conf\u00e9rence de presse pour annoncer la sortie officielle de son maxi-single.\u00a0<\/strong><\/p>\n<p>Chanteur de pop-music depuis plus de vingt-cinq ans, il situe ses d\u00e9buts entre 1998 et 1999. Face aux m\u00e9dias, il est revenu sur un parcours sem\u00e9 d\u2019emb\u00fbches, port\u00e9 par une d\u00e9termination constante. \u00ab Mon chemin n\u2019a pas \u00e9t\u00e9 facile. J\u2019ai connu beaucoup de difficult\u00e9s. J\u2019ai fouill\u00e9, j\u2019ai b\u00fbch\u00e9, j\u2019ai tr\u00e9buch\u00e9, mais je me suis toujours relev\u00e9. J\u2019ai bataill\u00e9 dur \u00bb, a-t-il confi\u00e9. En 2005, il participe \u00e0 l\u2019\u00e9mission Podium 2005 avec son groupe de l\u2019\u00e9poque, finaliste et class\u00e9 deuxi\u00e8me laur\u00e9at. Il avait auparavant enregistr\u00e9 un album avec le groupe Le Corps Diplomatique, produit par Alassane Soumano. Faute de promotion suffisante, l\u2019opus est rest\u00e9 confidentiel. Apr\u00e8s la s\u00e9paration du groupe, l\u2019artiste reprend ses \u00e9tudes tout en poursuivant la musique.<\/p>\n<p>Son nouveau projet, un maxi-single de deux titres en solo, se veut un d\u00e9fi personnel. \u00ab J\u2019ai longtemps accompagn\u00e9 d\u2019autres artistes. Ma famille me demandait: &#8220;Tu as tant sacrifi\u00e9 pour la musique, mais o\u00f9 en es-tu&#8221; ? \u00bb, a-t-il expliqu\u00e9. Malgr\u00e9 les r\u00e9serves initiales de son p\u00e8re, qui l\u2019imaginait dans une carri\u00e8re militaire, Daal\u00e9 Lop\u00e9 affirme que la musique est une vocation n\u00e9e d\u00e8s l\u2019enfance. L\u2019artiste revendique plus d\u2019une centaine de compositions et une volont\u00e9 d\u2019inscrire son nom dans la dur\u00e9e. \u00ab Je ne suis pas un artiste \u00e9ph\u00e9m\u00e8re. Je veux durer \u00bb, a-t-il d\u00e9clar\u00e9. Ses titres abordent des th\u00e9matiques sociales et spirituelles. Dans \u00ab Jehova \u00bb, il exprime sa foi et sa r\u00e9silience face \u00e0 l\u2019adversit\u00e9, affirmant sa confiance en l\u2019accomplissement des promesses divines.<\/p>\n<p><strong>Mamadou Ouattara avec Ly Abdul\u00a0<\/strong><\/p>\n<p>&nbsp;<\/p>\n","protected":false},"excerpt":{"rendered":"<p>Le samedi 14 f\u00e9vrier 2026 \u00e0 Abidjan-Cocody, l\u2019artiste Akr\u00e9 Jean Pierre, connu sous le nom de sc\u00e8ne Daal\u00e9 Lop\u00e9, a anim\u00e9 une conf\u00e9rence de presse pour annoncer la sortie officielle de son maxi-single.\u00a0 Chanteur de pop-music depuis plus de vingt-cinq ans, il situe ses d\u00e9buts entre 1998 et 1999. Face aux m\u00e9dias, il est revenu [&hellip;]<\/p>\n","protected":false},"author":4,"featured_media":42397,"comment_status":"closed","ping_status":"closed","sticky":false,"template":"","format":"standard","meta":{"_monsterinsights_skip_tracking":false,"_monsterinsights_sitenote_active":false,"_monsterinsights_sitenote_note":"","_monsterinsights_sitenote_category":0,"footnotes":""},"categories":[2,20],"tags":[7133,1630,7134],"class_list":["post-42396","post","type-post","status-publish","format-standard","has-post-thumbnail","hentry","category-featured","category-art-et-culture","tag-daale-lope","tag-musique","tag-un-maxi-single-engage"],"_links":{"self":[{"href":"https:\/\/www.lintelligentdabidjan.info\/news\/wp-json\/wp\/v2\/posts\/42396","targetHints":{"allow":["GET"]}}],"collection":[{"href":"https:\/\/www.lintelligentdabidjan.info\/news\/wp-json\/wp\/v2\/posts"}],"about":[{"href":"https:\/\/www.lintelligentdabidjan.info\/news\/wp-json\/wp\/v2\/types\/post"}],"author":[{"embeddable":true,"href":"https:\/\/www.lintelligentdabidjan.info\/news\/wp-json\/wp\/v2\/users\/4"}],"replies":[{"embeddable":true,"href":"https:\/\/www.lintelligentdabidjan.info\/news\/wp-json\/wp\/v2\/comments?post=42396"}],"version-history":[{"count":1,"href":"https:\/\/www.lintelligentdabidjan.info\/news\/wp-json\/wp\/v2\/posts\/42396\/revisions"}],"predecessor-version":[{"id":42398,"href":"https:\/\/www.lintelligentdabidjan.info\/news\/wp-json\/wp\/v2\/posts\/42396\/revisions\/42398"}],"wp:featuredmedia":[{"embeddable":true,"href":"https:\/\/www.lintelligentdabidjan.info\/news\/wp-json\/wp\/v2\/media\/42397"}],"wp:attachment":[{"href":"https:\/\/www.lintelligentdabidjan.info\/news\/wp-json\/wp\/v2\/media?parent=42396"}],"wp:term":[{"taxonomy":"category","embeddable":true,"href":"https:\/\/www.lintelligentdabidjan.info\/news\/wp-json\/wp\/v2\/categories?post=42396"},{"taxonomy":"post_tag","embeddable":true,"href":"https:\/\/www.lintelligentdabidjan.info\/news\/wp-json\/wp\/v2\/tags?post=42396"}],"curies":[{"name":"wp","href":"https:\/\/api.w.org\/{rel}","templated":true}]}}