{"id":42399,"date":"2026-02-17T06:29:34","date_gmt":"2026-02-17T05:29:34","guid":{"rendered":"https:\/\/www.lintelligentdabidjan.info\/news\/?p=42399"},"modified":"2026-02-17T06:29:40","modified_gmt":"2026-02-17T05:29:40","slug":"adinkra-fellowship-2026-20-leaders-afrodescendants-distingues-a-abidjan","status":"publish","type":"post","link":"https:\/\/www.lintelligentdabidjan.info\/news\/adinkra-fellowship-2026-20-leaders-afrodescendants-distingues-a-abidjan\/","title":{"rendered":"Adinkra Fellowship 2026 :20 leaders afrodescendants distingu\u00e9s \u00e0 Abidjan"},"content":{"rendered":"<p><strong>La c\u00e9r\u00e9monie de distinction de l\u2019Initiative Adinkra, \u00e9dition 2026, s\u2019est tenue le vendredi 13 f\u00e9vrier 2026 \u00e0 Abidjan-Cocody, dans le cadre de l\u2019Adinkra Fellowship.<\/strong><\/p>\n<p>Vingt jeunes leaders afrodescendants ont \u00e9t\u00e9 honor\u00e9s parmi 1 257 candidatures issues de 84 pays, pour leur engagement et leur impact au sein de leurs communaut\u00e9s.<\/p>\n<p>Port\u00e9 par l\u2019Alliance Adinkra Institute, le programme ADINKRA se veut un rendez-vous international de leadership. Il r\u00e9unit chaque ann\u00e9e des talents de moins de 40 ans, originaires d\u2019Afrique et de ses diasporas, afin de co-construire des solutions concr\u00e8tes et durables pour leurs territoires. Les 20 laur\u00e9ats, repr\u00e9sentant 11 pays, \u00e9voluent dans des domaines vari\u00e9s : diplomatie, sant\u00e9 publique, droit, finance, technologie, entrepreneuriat ou culture. Ils viennent notamment des \u00c9tats-Unis, du Br\u00e9sil, du Canada, du Nigeria, du Royaume-Uni, du Kenya, de C\u00f4te d\u2019Ivoire et du Burkina Faso. \u00ab Nous organisons \u00e0 Abidjan une initiative qui vise \u00e0 reconna\u00eetre chaque ann\u00e9e de jeunes leaders \u00e2g\u00e9s de 40 ans et moins, qui se distinguent par leur excellence et leur impact au sein de leur communaut\u00e9 \u00bb, a dit Richard Sieshi, pr\u00e9sident de l\u2019Alliance Adinkra Institute. Il a soulign\u00e9 que les crit\u00e8res de s\u00e9lection reposaient sur l\u2019impact concret des candidats et leur capacit\u00e9 \u00e0 cr\u00e9er des passerelles entre l\u2019Afrique et sa diaspora.<\/p>\n<p>Pour les laur\u00e9ats, la distinction marque le d\u00e9but d\u2019un engagement collectif. \u00ab Il est d\u00e9sormais temps de passer \u00e0 l\u2019action \u00bb, a indiqu\u00e9 Dr Traor\u00e9 Saber\u00e9, appelant \u00e0 transformer les \u00e9changes en projets structurants et mesurables.<\/p>\n<p>L\u2019\u00e9dition 2026 se poursuivra par des rencontres institutionnelles, des visites culturelles et des sessions de travail strat\u00e9gique destin\u00e9es \u00e0 consolider les synergies entre les participants et les acteurs locaux.<\/p>\n<p><strong>Mamadou Ouattara avec Ly Abdul\u00a0<\/strong><\/p>\n<p>&nbsp;<\/p>\n<p>&nbsp;<\/p>\n<p>&nbsp;<\/p>\n","protected":false},"excerpt":{"rendered":"<p>La c\u00e9r\u00e9monie de distinction de l\u2019Initiative Adinkra, \u00e9dition 2026, s\u2019est tenue le vendredi 13 f\u00e9vrier 2026 \u00e0 Abidjan-Cocody, dans le cadre de l\u2019Adinkra Fellowship. Vingt jeunes leaders afrodescendants ont \u00e9t\u00e9 honor\u00e9s parmi 1 257 candidatures issues de 84 pays, pour leur engagement et leur impact au sein de leurs communaut\u00e9s. Port\u00e9 par l\u2019Alliance Adinkra Institute, [&hellip;]<\/p>\n","protected":false},"author":4,"featured_media":42400,"comment_status":"closed","ping_status":"closed","sticky":false,"template":"","format":"standard","meta":{"_monsterinsights_skip_tracking":false,"_monsterinsights_sitenote_active":false,"_monsterinsights_sitenote_note":"","_monsterinsights_sitenote_category":0,"footnotes":""},"categories":[2,3],"tags":[200,7135,7136],"class_list":["post-42399","post","type-post","status-publish","format-standard","has-post-thumbnail","hentry","category-featured","category-societe","tag-abidjan","tag-adinkra-fellowship-2026","tag-leaders-afrodescendants-distingues"],"_links":{"self":[{"href":"https:\/\/www.lintelligentdabidjan.info\/news\/wp-json\/wp\/v2\/posts\/42399","targetHints":{"allow":["GET"]}}],"collection":[{"href":"https:\/\/www.lintelligentdabidjan.info\/news\/wp-json\/wp\/v2\/posts"}],"about":[{"href":"https:\/\/www.lintelligentdabidjan.info\/news\/wp-json\/wp\/v2\/types\/post"}],"author":[{"embeddable":true,"href":"https:\/\/www.lintelligentdabidjan.info\/news\/wp-json\/wp\/v2\/users\/4"}],"replies":[{"embeddable":true,"href":"https:\/\/www.lintelligentdabidjan.info\/news\/wp-json\/wp\/v2\/comments?post=42399"}],"version-history":[{"count":1,"href":"https:\/\/www.lintelligentdabidjan.info\/news\/wp-json\/wp\/v2\/posts\/42399\/revisions"}],"predecessor-version":[{"id":42401,"href":"https:\/\/www.lintelligentdabidjan.info\/news\/wp-json\/wp\/v2\/posts\/42399\/revisions\/42401"}],"wp:featuredmedia":[{"embeddable":true,"href":"https:\/\/www.lintelligentdabidjan.info\/news\/wp-json\/wp\/v2\/media\/42400"}],"wp:attachment":[{"href":"https:\/\/www.lintelligentdabidjan.info\/news\/wp-json\/wp\/v2\/media?parent=42399"}],"wp:term":[{"taxonomy":"category","embeddable":true,"href":"https:\/\/www.lintelligentdabidjan.info\/news\/wp-json\/wp\/v2\/categories?post=42399"},{"taxonomy":"post_tag","embeddable":true,"href":"https:\/\/www.lintelligentdabidjan.info\/news\/wp-json\/wp\/v2\/tags?post=42399"}],"curies":[{"name":"wp","href":"https:\/\/api.w.org\/{rel}","templated":true}]}}