{"id":42405,"date":"2026-02-17T06:44:14","date_gmt":"2026-02-17T05:44:14","guid":{"rendered":"https:\/\/www.lintelligentdabidjan.info\/news\/?p=42405"},"modified":"2026-02-17T06:44:34","modified_gmt":"2026-02-17T05:44:34","slug":"ministere-des-eaux-et-forets-douleurs-et-pleurs-apres-le-deces-de-assa-khoissy-bachelard","status":"publish","type":"post","link":"https:\/\/www.lintelligentdabidjan.info\/news\/ministere-des-eaux-et-forets-douleurs-et-pleurs-apres-le-deces-de-assa-khoissy-bachelard\/","title":{"rendered":"Minist\u00e8re des Eaux et For\u00eats :Douleurs et pleurs apr\u00e8s le d\u00e9c\u00e8s de Assa Khoissy Bachelard"},"content":{"rendered":"<p><strong>Le d\u00e9c\u00e8s de Assa Khoissy Bachelard, survenu le 8 f\u00e9vrier 2026 \u00e0 Abidjan, a suscit\u00e9 une vive \u00e9motion au sein de l\u2019administration publique ivoirienne, notamment au minist\u00e8re des Eaux et For\u00eats o\u00f9 il occupait les fonctions de directeur des Affaires juridiques et du Contentieux.<\/strong><\/p>\n<p>Juriste reconnu, il \u00e9tait salu\u00e9 pour sa rigueur et sa ma\u00eetrise des textes. \u00ab Il savait trouver le chemin dans les textes les plus complexes, chaque dossier passait entre ses mains avec une pr\u00e9cision rare \u00bb, confie un cadre du minist\u00e8re. Un autre collaborateur souligne sa ma\u00eetrise du Code forestier, qui faisait r\u00e9f\u00e9rence lors d\u2019arbitrages nationaux et internationaux. En hommage, le ministre des Eaux et For\u00eats, Jacques Konan Assahor\u00e9, a suspendu les r\u00e9unions pr\u00e9vues le 9 f\u00e9vrier.<\/p>\n<p>N\u00e9 le 1er janvier 1969 \u00e0 Ti\u00e9bissou, Assa Khoissy Bachelard a servi l\u2019\u00c9tat dans plusieurs institutions, notamment au Bureau national d\u2019\u00e9tudes techniques et de d\u00e9veloppement (BNETD), \u00e0 la Haute Autorit\u00e9 pour la Bonne Gouvernance et \u00e0 la Primature, sous diff\u00e9rents chefs de gouvernement. Il avait ensuite rejoint le minist\u00e8re des Eaux et For\u00eats, o\u00f9 il fut nomm\u00e9 directeur des Affaires juridiques et du Contentieux en mars 2023.<\/p>\n<p>Son d\u00e9c\u00e8s affecte \u00e9galement le monde des m\u00e9dias. Il \u00e9tait le fr\u00e8re a\u00een\u00e9 d\u2019Alvor Assa Kouam\u00e9, ancien journaliste de la Radiodiffusion T\u00e9l\u00e9vision Ivoirienne (RTI) et actuel directeur de la Communication et de l\u2019Information multim\u00e9dia du CESEC. \u00ab Sa clairvoyance, sa constance et son engagement resteront \u00e0 jamais grav\u00e9s dans nos m\u00e9moires \u00bb, a-t-il d\u00e9clar\u00e9.<\/p>\n<p>Les hommages affluent de l\u2019administration et des directions r\u00e9gionales. Le programme des obs\u00e8ques sera communiqu\u00e9 ult\u00e9rieurement par la famille.<\/p>\n<p><strong>Mamadou Ouattara avec Ly Abdul\u00a0<\/strong><\/p>\n<p>&nbsp;<\/p>\n","protected":false},"excerpt":{"rendered":"<p>Le d\u00e9c\u00e8s de Assa Khoissy Bachelard, survenu le 8 f\u00e9vrier 2026 \u00e0 Abidjan, a suscit\u00e9 une vive \u00e9motion au sein de l\u2019administration publique ivoirienne, notamment au minist\u00e8re des Eaux et For\u00eats o\u00f9 il occupait les fonctions de directeur des Affaires juridiques et du Contentieux. Juriste reconnu, il \u00e9tait salu\u00e9 pour sa rigueur et sa ma\u00eetrise [&hellip;]<\/p>\n","protected":false},"author":4,"featured_media":42406,"comment_status":"closed","ping_status":"closed","sticky":false,"template":"","format":"standard","meta":{"_monsterinsights_skip_tracking":false,"_monsterinsights_sitenote_active":false,"_monsterinsights_sitenote_note":"","_monsterinsights_sitenote_category":0,"footnotes":""},"categories":[2,3],"tags":[7143,979,7141,7140,7142],"class_list":["post-42405","post","type-post","status-publish","format-standard","has-post-thumbnail","hentry","category-featured","category-societe","tag-assa-khoissy-bachelard","tag-deces","tag-douleurs","tag-ministere-des-eaux-et-forets","tag-pleurs"],"_links":{"self":[{"href":"https:\/\/www.lintelligentdabidjan.info\/news\/wp-json\/wp\/v2\/posts\/42405","targetHints":{"allow":["GET"]}}],"collection":[{"href":"https:\/\/www.lintelligentdabidjan.info\/news\/wp-json\/wp\/v2\/posts"}],"about":[{"href":"https:\/\/www.lintelligentdabidjan.info\/news\/wp-json\/wp\/v2\/types\/post"}],"author":[{"embeddable":true,"href":"https:\/\/www.lintelligentdabidjan.info\/news\/wp-json\/wp\/v2\/users\/4"}],"replies":[{"embeddable":true,"href":"https:\/\/www.lintelligentdabidjan.info\/news\/wp-json\/wp\/v2\/comments?post=42405"}],"version-history":[{"count":1,"href":"https:\/\/www.lintelligentdabidjan.info\/news\/wp-json\/wp\/v2\/posts\/42405\/revisions"}],"predecessor-version":[{"id":42407,"href":"https:\/\/www.lintelligentdabidjan.info\/news\/wp-json\/wp\/v2\/posts\/42405\/revisions\/42407"}],"wp:featuredmedia":[{"embeddable":true,"href":"https:\/\/www.lintelligentdabidjan.info\/news\/wp-json\/wp\/v2\/media\/42406"}],"wp:attachment":[{"href":"https:\/\/www.lintelligentdabidjan.info\/news\/wp-json\/wp\/v2\/media?parent=42405"}],"wp:term":[{"taxonomy":"category","embeddable":true,"href":"https:\/\/www.lintelligentdabidjan.info\/news\/wp-json\/wp\/v2\/categories?post=42405"},{"taxonomy":"post_tag","embeddable":true,"href":"https:\/\/www.lintelligentdabidjan.info\/news\/wp-json\/wp\/v2\/tags?post=42405"}],"curies":[{"name":"wp","href":"https:\/\/api.w.org\/{rel}","templated":true}]}}