{"id":42408,"date":"2026-02-17T06:48:57","date_gmt":"2026-02-17T05:48:57","guid":{"rendered":"https:\/\/www.lintelligentdabidjan.info\/news\/?p=42408"},"modified":"2026-02-17T06:49:03","modified_gmt":"2026-02-17T05:49:03","slug":"dabakalala-team-k-o-de-sokala-sobara-mobilisee-pour-le-ramadan-et-leducation","status":"publish","type":"post","link":"https:\/\/www.lintelligentdabidjan.info\/news\/dabakalala-team-k-o-de-sokala-sobara-mobilisee-pour-le-ramadan-et-leducation\/","title":{"rendered":"Dabakala:La\u00a0 Team K.O\u00a0 de Sokala-Sobara mobilis\u00e9e pour le Ramadan et l\u2019\u00e9ducation"},"content":{"rendered":"<p><strong>En pr\u00e9lude au mois sacr\u00e9 du Ramadan, la Team K.O a organis\u00e9, le vendredi 13 f\u00e9vrier 2026, la deuxi\u00e8me \u00e9dition de son initiative d\u00e9nomm\u00e9e \u00ab Ramadan Solidarit\u00e9 \u00bb dans la sous-pr\u00e9fecture de Sokala-Sobara, d\u00e9partement de Dabakala.<\/strong><\/p>\n<p>Plac\u00e9e sous la pr\u00e9sidence de Kandja Ouattara, cadre et fils de la localit\u00e9, cette action s\u2019inscrit dans l\u2019esprit de partage et d\u2019entraide propre \u00e0 la p\u00e9riode de je\u00fbne musulman. La c\u00e9r\u00e9monie a d\u00e9but\u00e9 par des pri\u00e8res et des lectures du Saint Coran, formul\u00e9es pour la paix, la coh\u00e9sion sociale et le bien-\u00eatre des habitants.<\/p>\n<p>La Team K.O a proc\u00e9d\u00e9 \u00e0 la distribution de vivres et de produits de premi\u00e8re n\u00e9cessit\u00e9, notamment du riz, du sucre et du lait, destin\u00e9s \u00e0 soutenir les familles durant le Ramadan. Au-del\u00e0 de l\u2019aide alimentaire, l\u2019initiative a accord\u00e9 une attention particuli\u00e8re \u00e0 l\u2019\u00e9ducation. Des manuels de langage et du mat\u00e9riel sportif ont \u00e9t\u00e9 remis aux \u00e9coles primaires de Sokala-Sobara, afin d\u2019am\u00e9liorer les conditions d\u2019apprentissage et de favoriser l\u2019\u00e9panouissement des \u00e9l\u00e8ves. Prenant la parole, Kandja Ouattara a soulign\u00e9 que cette action traduit l\u2019engagement constant des cadres de la localit\u00e9 en faveur des populations, avec un accent particulier sur l\u2019\u00e9ducation, qu\u2019il consid\u00e8re comme un levier majeur de d\u00e9veloppement. Les guides religieux et les b\u00e9n\u00e9ficiaires ont exprim\u00e9 leur gratitude envers les initiateurs. Des pri\u00e8res ont \u00e9galement \u00e9t\u00e9 formul\u00e9es pour le Pr\u00e9sident de la R\u00e9publique, Alassane Ouattara, et pour la paix en C\u00f4te d\u2019Ivoire.<\/p>\n<p>La c\u00e9r\u00e9monie s\u2019est achev\u00e9e dans une ambiance de fraternit\u00e9, avec l\u2019annonce d\u2019une troisi\u00e8me \u00e9dition pr\u00e9vue l\u2019an prochain.<\/p>\n<p><strong>Nambac\u00e9r\u00e9 avec Sercom\u00a0<\/strong><\/p>\n<p>&nbsp;<\/p>\n<p>&nbsp;<\/p>\n<p>&nbsp;<\/p>\n","protected":false},"excerpt":{"rendered":"<p>En pr\u00e9lude au mois sacr\u00e9 du Ramadan, la Team K.O a organis\u00e9, le vendredi 13 f\u00e9vrier 2026, la deuxi\u00e8me \u00e9dition de son initiative d\u00e9nomm\u00e9e \u00ab Ramadan Solidarit\u00e9 \u00bb dans la sous-pr\u00e9fecture de Sokala-Sobara, d\u00e9partement de Dabakala. Plac\u00e9e sous la pr\u00e9sidence de Kandja Ouattara, cadre et fils de la localit\u00e9, cette action s\u2019inscrit dans l\u2019esprit de [&hellip;]<\/p>\n","protected":false},"author":4,"featured_media":42409,"comment_status":"closed","ping_status":"closed","sticky":false,"template":"","format":"standard","meta":{"_monsterinsights_skip_tracking":false,"_monsterinsights_sitenote_active":false,"_monsterinsights_sitenote_note":"","_monsterinsights_sitenote_category":0,"footnotes":""},"categories":[2,3],"tags":[3313,6176,7144,7145],"class_list":["post-42408","post","type-post","status-publish","format-standard","has-post-thumbnail","hentry","category-featured","category-societe","tag-dabakala","tag-leducation","tag-la-team-k-o-de-sokala-sobara","tag-le-ramadan"],"_links":{"self":[{"href":"https:\/\/www.lintelligentdabidjan.info\/news\/wp-json\/wp\/v2\/posts\/42408","targetHints":{"allow":["GET"]}}],"collection":[{"href":"https:\/\/www.lintelligentdabidjan.info\/news\/wp-json\/wp\/v2\/posts"}],"about":[{"href":"https:\/\/www.lintelligentdabidjan.info\/news\/wp-json\/wp\/v2\/types\/post"}],"author":[{"embeddable":true,"href":"https:\/\/www.lintelligentdabidjan.info\/news\/wp-json\/wp\/v2\/users\/4"}],"replies":[{"embeddable":true,"href":"https:\/\/www.lintelligentdabidjan.info\/news\/wp-json\/wp\/v2\/comments?post=42408"}],"version-history":[{"count":1,"href":"https:\/\/www.lintelligentdabidjan.info\/news\/wp-json\/wp\/v2\/posts\/42408\/revisions"}],"predecessor-version":[{"id":42410,"href":"https:\/\/www.lintelligentdabidjan.info\/news\/wp-json\/wp\/v2\/posts\/42408\/revisions\/42410"}],"wp:featuredmedia":[{"embeddable":true,"href":"https:\/\/www.lintelligentdabidjan.info\/news\/wp-json\/wp\/v2\/media\/42409"}],"wp:attachment":[{"href":"https:\/\/www.lintelligentdabidjan.info\/news\/wp-json\/wp\/v2\/media?parent=42408"}],"wp:term":[{"taxonomy":"category","embeddable":true,"href":"https:\/\/www.lintelligentdabidjan.info\/news\/wp-json\/wp\/v2\/categories?post=42408"},{"taxonomy":"post_tag","embeddable":true,"href":"https:\/\/www.lintelligentdabidjan.info\/news\/wp-json\/wp\/v2\/tags?post=42408"}],"curies":[{"name":"wp","href":"https:\/\/api.w.org\/{rel}","templated":true}]}}