{"id":42417,"date":"2026-02-17T07:05:45","date_gmt":"2026-02-17T06:05:45","guid":{"rendered":"https:\/\/www.lintelligentdabidjan.info\/news\/?p=42417"},"modified":"2026-02-17T07:05:45","modified_gmt":"2026-02-17T06:05:45","slug":"yaya-fofana-mfa-passer-dune-cote-divoire-des-chiffres-a-une-cote-divoire-des-vies-ameliorees","status":"publish","type":"post","link":"https:\/\/www.lintelligentdabidjan.info\/news\/yaya-fofana-mfa-passer-dune-cote-divoire-des-chiffres-a-une-cote-divoire-des-vies-ameliorees\/","title":{"rendered":"Yaya Fofana, MFA : \u00ab Passer d\u2019une C\u00f4te d\u2019Ivoire des chiffres \u00e0 une C\u00f4te d\u2019Ivoire des vies am\u00e9lior\u00e9es \u00bb"},"content":{"rendered":"<p><strong>Yaya Fofana, pr\u00e9sident du Mouvement des Forces d\u2019Avenir, dresse dans cette interview un \u00e9tat des lieux de l\u2019actualit\u00e9 nationale et pr\u00e9sente les solutions de son parti pour un progr\u00e8s social mieux partag\u00e9. Nouvelle configuration de l\u2019Assembl\u00e9e nationale de C\u00f4te d\u2019Ivoire, premiers pas du gouvernement conduit par Robert Beugr\u00e9 Mamb\u00e9, relations du MFA avec le RHDP, mais aussi chert\u00e9 des loyers, remblayage de la lagune et crise du cacao figurent au c\u0153ur de ses analyses.<\/strong><\/p>\n<p><strong>Apr\u00e8s les l\u00e9gislatives du 27 d\u00e9cembre 2025, remport\u00e9es largement par le RHDP avec 197 d\u00e9put\u00e9s, scrutin auquel le MFA n\u2019a pr\u00e9sent\u00e9 aucun candidat, quelle est aujourd\u2019hui l\u2019actualit\u00e9 de votre parti ?<\/strong><\/p>\n<p>Le MFA a fait un choix clair apr\u00e8s les l\u00e9gislatives du 27 d\u00e9cembre 2025, celui de ne pr\u00e9senter aucun candidat. Ce choix n\u2019\u00e9tait pas une faiblesse, c\u2019\u00e9tait une d\u00e9cision politique responsable. Nous l\u2019avons prise par respect pour nos militants, par fid\u00e9lit\u00e9 \u00e0 nos engagements, et par lucidit\u00e9 sur un environnement \u00e9lectoral o\u00f9 les moyens, les appareils et les rapports de force ne permettent pas toujours un jeu \u00e9quitable pour un parti en reconstruction strat\u00e9gique. Aujourd\u2019hui, l\u2019actualit\u00e9 du MFA repose sur trois piliers. D\u2019abord, la r\u00e9organisation interne, parce qu\u2019un parti cr\u00e9dible se construit dans la discipline, la m\u00e9thode et l\u2019enracinement territorial. Ensuite, l\u2019actualisation de notre projet de soci\u00e9t\u00e9 2025 &#8211; 2030, parce que la C\u00f4te d\u2019Ivoire a besoin d\u2019une vision sociale plus lisible, d\u2019une croissance mieux partag\u00e9e et d\u2019une paix durablement consolid\u00e9e. Enfin, notre pr\u00e9sence dans le d\u00e9bat public, pour que la voix des familles, des jeunes, des producteurs et des travailleurs ne soit jamais absente des d\u00e9cisions nationales. Le MFA n\u2019est pas dans le bruit. Il est dans la pr\u00e9paration. Et il reviendra au rendez-vous, avec plus de coh\u00e9rence, plus de force militante et une ligne plus utile au peuple.<\/p>\n<p><strong>Que pensez-vous de la nouvelle configuration de l\u2019Assembl\u00e9e nationale et quelles attentes nourrissez-vous vis-\u00e0-vis de cette institution ?<\/strong><\/p>\n<p>La nouvelle Assembl\u00e9e nationale refl\u00e8te un rapport de force politique net. Une majorit\u00e9 large peut \u00eatre une chance si elle acc\u00e9l\u00e8re les r\u00e9formes attendues. Mais elle devient un risque si elle affaiblit le d\u00e9bat d\u00e9mocratique, le contr\u00f4le de l\u2019action publique et l\u2019\u00e9coute des signaux sociaux. Notre attente est simple, que le Parlement reste le lieu o\u00f9 la Nation se parle. Les d\u00e9put\u00e9s doivent soutenir ce qui soulage les populations, mais ils doivent aussi interpeller, exiger des comptes, et donner de la voix sur ce qui p\u00e8se sur le peuple, la vie ch\u00e8re, l\u2019emploi des jeunes, le foncier, l\u2019endettement, la qualit\u00e9 des services sociaux, la gouvernance des ressources. Avec une majorit\u00e9 aussi large, le d\u00e9fi n\u2019est pas de voter des textes, c\u2019est de produire des r\u00e9sultats visibles, et de garder un lien direct avec le pays r\u00e9el, celui des m\u00e9nages et des territoires.<\/p>\n<p><strong>Pr\u00e8s d\u2019un mois apr\u00e8s la mise en place du gouvernement Mamb\u00e9 II, quel regard portez-vous sur son action ?<\/strong><\/p>\n<p>Le gouvernement Mamb\u00e9 II s\u2019inscrit dans la continuit\u00e9. La continuit\u00e9 a une vertu, elle rassure et stabilise. Mais elle a une obligation, elle doit d\u00e9livrer. Les Ivoiriens n\u2019\u00e9valuent plus l\u2019action publique \u00e0 travers les annonces, ils l\u2019\u00e9valuent \u00e0 travers leur panier du march\u00e9, leur loyer, leur capacit\u00e9 \u00e0 soigner leurs enfants, \u00e0 trouver un emploi, \u00e0 vivre d\u00e9cemment. C\u2019est sur ces indicateurs r\u00e9els que ce gouvernement sera attendu. Je le dis avec responsabilit\u00e9, la stabilit\u00e9 ne doit pas \u00eatre une routine. Elle doit devenir une force d\u2019impact social. Et c\u2019est maintenant que cela se joue.<\/p>\n<p><strong>O\u00f9 en sont aujourd\u2019hui vos rapports politiques avec le RHDP ?<\/strong><\/p>\n<p>Nous sommes dans une logique de responsabilit\u00e9. Le MFA demeure membre \u00e0 part enti\u00e8re du RHDP. Mais l\u2019unit\u00e9 ne signifie pas l\u2019effacement, et la coalition ne signifie pas la marginalisation. Le MFA a contribu\u00e9 \u00e0 b\u00e2tir cette maison politique. Nous avons fait des choix de loyaut\u00e9, y compris en d\u00e9cidant de ne pas pr\u00e9senter de candidats aux l\u00e9gislatives, afin de ne pas affaiblir la base du RHDP. Ce geste politique doit \u00eatre compris \u00e0 sa juste valeur. Aujourd\u2019hui, nous voulons une relation plus claire, plus respectueuse, et plus utile au peuple. Nous demandons un audit organisationnel au sein de la coalition, pour renforcer la coh\u00e9sion, la transparence et la reconnaissance r\u00e9elle de chaque composante. Notre engagement reste loyal, mais notre dignit\u00e9 politique et la voix de nos militants doivent compter.<\/p>\n<p><strong>L\u2019actualit\u00e9 est domin\u00e9e par la chert\u00e9 des loyers, le remblayage de la lagune et les difficult\u00e9s de commercialisation du cacao. Quelle lecture le MFA fait-il de ces situations ?<\/strong><\/p>\n<p>Ces trois sujets disent la m\u00eame chose, le pays avance, mais trop de familles ont du mal \u00e0 respirer. Sur les loyers, nous faisons face \u00e0 une pression sociale forte. Beaucoup de m\u00e9nages consacrent une part excessive de leurs revenus au logement. Cela fragilise la famille, accro\u00eet les tensions, et pousse parfois \u00e0 l\u2019exclusion urbaine. Sur la lagune, la question est celle de l\u2019int\u00e9r\u00eat g\u00e9n\u00e9ral. On ne construit pas une ville moderne en d\u00e9truisant ses \u00e9quilibres naturels. La lagune est un patrimoine \u00e9cologique, une protection climatique, une richesse collective. Sur le cacao, l\u2019enjeu est moral et \u00e9conomique. La C\u00f4te d\u2019Ivoire peut \u00eatre premi\u00e8re au monde, mais si le planteur reste pauvre, alors la r\u00e9ussite est incompl\u00e8te. Il faut replacer le producteur au centre.<\/p>\n<p><strong>Ces probl\u00e8mes traduisent-ils, selon vous, des limites dans la gouvernance du pr\u00e9sident Alassane Ouattara ?<\/strong><\/p>\n<p>Il faut \u00eatre juste. La gouvernance du pr\u00e9sident Ouattara a apport\u00e9 de la stabilit\u00e9 et des infrastructures. Personne de s\u00e9rieux ne peut le nier. Mais une Nation n\u2019est pas jug\u00e9e seulement \u00e0 ses ponts et \u00e0 ses routes. Elle est jug\u00e9e \u00e0 la dignit\u00e9 de ses familles. Les difficult\u00e9s actuelles montrent les limites d\u2019un mod\u00e8le parfois trop centr\u00e9 sur les agr\u00e9gats macro\u00e9conomiques et pas assez sur la justice sociale, la r\u00e9gulation, l\u2019\u00e9quit\u00e9 territoriale, la protection de l\u2019environnement et le revenu rural. Ce n\u2019est pas une attaque. C\u2019est un appel \u00e0 une nouvelle \u00e9tape. Apr\u00e8s le temps de la stabilit\u00e9, vient le temps du progr\u00e8s partag\u00e9.<\/p>\n<p><strong>Quelles solutions concr\u00e8tes propose le MFA ?<\/strong><\/p>\n<p>Nous proposons des mesures simples, concr\u00e8tes et applicables. Sur le logement et la vie ch\u00e8re, encadrer r\u00e9ellement les loyers dans les zones tendues, lutter contre la sp\u00e9culation, et acc\u00e9l\u00e9rer des programmes de logements accessibles aux revenus r\u00e9els. Sur l\u2019environnement, suspendre les remblayages sensibles, renforcer les \u00e9tudes d\u2019impact, et imposer un urbanisme respectueux des \u00e9quilibres naturels. Sur le cacao, mieux r\u00e9partir la valeur, s\u00e9curiser un revenu d\u00e9cent au producteur, investir dans la transformation locale et prot\u00e9ger le monde rural. Notre cap est clair, passer d\u2019une C\u00f4te d\u2019Ivoire des chiffres \u00e0 une C\u00f4te d\u2019Ivoire des vies am\u00e9lior\u00e9es. Une C\u00f4te d\u2019Ivoire o\u00f9 la prosp\u00e9rit\u00e9 se voit, se vit et se partage.<\/p>\n<p><strong>R\u00e9alis\u00e9e par brahim Khalil\u00a0<\/strong><\/p>\n<p>&nbsp;<\/p>\n<p>&nbsp;<\/p>\n<p>&nbsp;<\/p>\n","protected":false},"excerpt":{"rendered":"<p>Yaya Fofana, pr\u00e9sident du Mouvement des Forces d\u2019Avenir, dresse dans cette interview un \u00e9tat des lieux de l\u2019actualit\u00e9 nationale et pr\u00e9sente les solutions de son parti pour un progr\u00e8s social mieux partag\u00e9. Nouvelle configuration de l\u2019Assembl\u00e9e nationale de C\u00f4te d\u2019Ivoire, premiers pas du gouvernement conduit par Robert Beugr\u00e9 Mamb\u00e9, relations du MFA avec le RHDP, [&hellip;]<\/p>\n","protected":false},"author":4,"featured_media":42418,"comment_status":"closed","ping_status":"closed","sticky":false,"template":"","format":"standard","meta":{"footnotes":""},"categories":[2,17],"tags":[77,277,1622],"class_list":["post-42417","post","type-post","status-publish","format-standard","has-post-thumbnail","hentry","category-featured","category-politique","tag-cote-divoire","tag-mfa","tag-yaya-fofana"],"_links":{"self":[{"href":"https:\/\/www.lintelligentdabidjan.info\/news\/wp-json\/wp\/v2\/posts\/42417","targetHints":{"allow":["GET"]}}],"collection":[{"href":"https:\/\/www.lintelligentdabidjan.info\/news\/wp-json\/wp\/v2\/posts"}],"about":[{"href":"https:\/\/www.lintelligentdabidjan.info\/news\/wp-json\/wp\/v2\/types\/post"}],"author":[{"embeddable":true,"href":"https:\/\/www.lintelligentdabidjan.info\/news\/wp-json\/wp\/v2\/users\/4"}],"replies":[{"embeddable":true,"href":"https:\/\/www.lintelligentdabidjan.info\/news\/wp-json\/wp\/v2\/comments?post=42417"}],"version-history":[{"count":1,"href":"https:\/\/www.lintelligentdabidjan.info\/news\/wp-json\/wp\/v2\/posts\/42417\/revisions"}],"predecessor-version":[{"id":42419,"href":"https:\/\/www.lintelligentdabidjan.info\/news\/wp-json\/wp\/v2\/posts\/42417\/revisions\/42419"}],"wp:featuredmedia":[{"embeddable":true,"href":"https:\/\/www.lintelligentdabidjan.info\/news\/wp-json\/wp\/v2\/media\/42418"}],"wp:attachment":[{"href":"https:\/\/www.lintelligentdabidjan.info\/news\/wp-json\/wp\/v2\/media?parent=42417"}],"wp:term":[{"taxonomy":"category","embeddable":true,"href":"https:\/\/www.lintelligentdabidjan.info\/news\/wp-json\/wp\/v2\/categories?post=42417"},{"taxonomy":"post_tag","embeddable":true,"href":"https:\/\/www.lintelligentdabidjan.info\/news\/wp-json\/wp\/v2\/tags?post=42417"}],"curies":[{"name":"wp","href":"https:\/\/api.w.org\/{rel}","templated":true}]}}