{"id":42470,"date":"2026-02-20T07:20:05","date_gmt":"2026-02-20T06:20:05","guid":{"rendered":"https:\/\/www.lintelligentdabidjan.info\/news\/?p=42470"},"modified":"2026-02-20T07:20:05","modified_gmt":"2026-02-20T06:20:05","slug":"lintelligent-en-pdf-tenir-la-paix-batir-lavenir-organiser-la-confiance-tbo-lhomme-de-lannee-2025-joue-collectif-ce-quil-sest-passe-avec-balle-a-te","status":"publish","type":"post","link":"https:\/\/www.lintelligentdabidjan.info\/news\/lintelligent-en-pdf-tenir-la-paix-batir-lavenir-organiser-la-confiance-tbo-lhomme-de-lannee-2025-joue-collectif-ce-quil-sest-passe-avec-balle-a-te\/","title":{"rendered":"L\u2019Intelligent en PDF\u00a0:          Tenir la paix, B\u00e2tir l&#8217;avenir , Organiser la confiance ( TBO )\u00a0     L&#8217;homme de l&#8217;ann\u00e9e 2025 joue collectif : ce qu&#8217;il s&#8217;est pass\u00e9 avec Balle \u00e0 terre et ce qu\u2019il a dit, hier\u00a0"},"content":{"rendered":"<p class=\"yiv9017222583ydpcf034472MsoNormal\"><strong>Le vice-Premier ministre T\u00e9n\u00e9 Birahima Ouattara, ministre de la D\u00e9fense, a \u00e9t\u00e9 d\u00e9sign\u00e9 Homme de l\u2019ann\u00e9e 2025 par l\u2019ONG Balle \u00e0 Terre. Il a re\u00e7u la distinction le jeudi 19 f\u00e9vrier 2026, des mains de la ministre de la Culture et de la Francophonie Fran\u00e7oise Remarck lors d\u2019une c\u00e9r\u00e9monie officielle au Sofitel H\u00f4tel Ivoire \u00e0 Abidjan-Cocody, en pr\u00e9sence du Premier ministre Robert Beugr\u00e9 Mamb\u00e9 et de plusieurs personnalit\u00e9s, dont des membres du gouvernement.\u00a0Qu\u2019est-ce qu&#8217;il s&#8217;est pass\u00e9 avec Balle \u00e0 terre et quel est le message qui a \u00e9t\u00e9 \u00a0livr\u00e9 par le\u00a0vice-Premier ministre \u00e0 cette occasion\u00a0?<\/strong><\/p>\n<p class=\"yiv9017222583ydpcf034472MsoNormal\">\u00a0Article \u00e0 d\u00e9couvrir dans vos kiosques et en ligne sur\u2026<\/p>\n<p><a href=\"https:\/\/news.abidjan.net\/titrologie\/39-lintelligent-dabidjan\/articles\" target=\"_blank\" rel=\"noopener\">https:\/\/news.abidjan.net\/titrologie\/39-lintelligent-dabidjan\/articles<\/a><\/p>\n<p class=\"yiv9017222583ydpcf034472MsoNormal\"><b>\u00a0<\/b>\u00c0 lire aussi le \u00a0mot d\u2019ordre de Bacongo Ciss\u00e9 \u00e0 Toumodi ; Des millions vol\u00e9s aux morts, une vietnamienne muette, deux Imams et l&#8217;orpaillage au \u00a0P\u00f4le p\u00e9nal \u00e9conomique et financier d&#8217;Abidjan ; \u00a0Les primes de stage dans le cadre de l\u2019insertion professionnelle \u00a0passent au SMIC.<\/p>\n<p class=\"yiv9017222583ydpcf034472MsoNormal\">Cliquez pour les d\u00e9tails<\/p>\n<p><a href=\"https:\/\/www.afrikipresse.com\/abonnement\" target=\"_blank\" rel=\"noopener\">https:\/\/www.afrikipresse.com\/abonnement<\/a><\/p>\n<p class=\"yiv9017222583ydpcf034472MsoNormal\">\u00c0 voir \u00e9galement Le Festival du th\u00e9 pour\u00a0rapprocher Abidjan et Bamako\u00a0 et la r\u00e9vision du Code des investissements \u00a0annonc\u00e9e .<\/p>\n<p><a href=\"https:\/\/www.pressecotedivoire.fr\/titrologie\" target=\"_blank\" rel=\"noopener\">https:\/\/www.pressecotedivoire.fr\/titrologie<\/a><\/p>\n","protected":false},"excerpt":{"rendered":"<p>Le vice-Premier ministre T\u00e9n\u00e9 Birahima Ouattara, ministre de la D\u00e9fense, a \u00e9t\u00e9 d\u00e9sign\u00e9 Homme de l\u2019ann\u00e9e 2025 par l\u2019ONG Balle \u00e0 Terre. Il a re\u00e7u la distinction le jeudi 19 f\u00e9vrier 2026, des mains de la ministre de la Culture et de la Francophonie Fran\u00e7oise Remarck lors d\u2019une c\u00e9r\u00e9monie officielle au Sofitel H\u00f4tel Ivoire \u00e0 [&hellip;]<\/p>\n","protected":false},"author":4,"featured_media":42471,"comment_status":"closed","ping_status":"closed","sticky":false,"template":"","format":"standard","meta":{"_monsterinsights_skip_tracking":false,"_monsterinsights_sitenote_active":false,"_monsterinsights_sitenote_note":"","_monsterinsights_sitenote_category":0,"footnotes":""},"categories":[2,3],"tags":[],"class_list":["post-42470","post","type-post","status-publish","format-standard","has-post-thumbnail","hentry","category-featured","category-societe"],"_links":{"self":[{"href":"https:\/\/www.lintelligentdabidjan.info\/news\/wp-json\/wp\/v2\/posts\/42470","targetHints":{"allow":["GET"]}}],"collection":[{"href":"https:\/\/www.lintelligentdabidjan.info\/news\/wp-json\/wp\/v2\/posts"}],"about":[{"href":"https:\/\/www.lintelligentdabidjan.info\/news\/wp-json\/wp\/v2\/types\/post"}],"author":[{"embeddable":true,"href":"https:\/\/www.lintelligentdabidjan.info\/news\/wp-json\/wp\/v2\/users\/4"}],"replies":[{"embeddable":true,"href":"https:\/\/www.lintelligentdabidjan.info\/news\/wp-json\/wp\/v2\/comments?post=42470"}],"version-history":[{"count":1,"href":"https:\/\/www.lintelligentdabidjan.info\/news\/wp-json\/wp\/v2\/posts\/42470\/revisions"}],"predecessor-version":[{"id":42472,"href":"https:\/\/www.lintelligentdabidjan.info\/news\/wp-json\/wp\/v2\/posts\/42470\/revisions\/42472"}],"wp:featuredmedia":[{"embeddable":true,"href":"https:\/\/www.lintelligentdabidjan.info\/news\/wp-json\/wp\/v2\/media\/42471"}],"wp:attachment":[{"href":"https:\/\/www.lintelligentdabidjan.info\/news\/wp-json\/wp\/v2\/media?parent=42470"}],"wp:term":[{"taxonomy":"category","embeddable":true,"href":"https:\/\/www.lintelligentdabidjan.info\/news\/wp-json\/wp\/v2\/categories?post=42470"},{"taxonomy":"post_tag","embeddable":true,"href":"https:\/\/www.lintelligentdabidjan.info\/news\/wp-json\/wp\/v2\/tags?post=42470"}],"curies":[{"name":"wp","href":"https:\/\/api.w.org\/{rel}","templated":true}]}}