{"id":42481,"date":"2026-02-21T14:26:28","date_gmt":"2026-02-21T13:26:28","guid":{"rendered":"https:\/\/www.lintelligentdabidjan.info\/news\/?p=42481"},"modified":"2026-02-21T15:12:06","modified_gmt":"2026-02-21T14:12:06","slug":"divo-amede-koffi-kouakou-offre-20-tonnes-de-vivres-pour-le-ramadan-et-le-careme","status":"publish","type":"post","link":"https:\/\/www.lintelligentdabidjan.info\/news\/divo-amede-koffi-kouakou-offre-20-tonnes-de-vivres-pour-le-ramadan-et-le-careme\/","title":{"rendered":"Divo-  Am\u00e9d\u00e9 Koffi Kouakou offre 20 tonnes de vivres pour le Ramadan et le Car\u00eame"},"content":{"rendered":"<p><strong>\u00c0 l\u2019occasion du je\u00fbne musulman et du Car\u00eame chr\u00e9tien, le ministre Am\u00e9d\u00e9 Koffi Kouakou a fait don de 20 tonnes de vivres aux communaut\u00e9s musulmane et catholique de Divo, vendredi 20 f\u00e9vrier 2026. La cargaison, compos\u00e9e principalement de riz et de sucre, vise \u00e0 soutenir les fid\u00e8les durant cette p\u00e9riode de recueillement.<\/strong><\/p>\n<p>La remise s\u2019est d\u00e9roul\u00e9e \u00e0 la grande mosqu\u00e9e de Dioulabougou, \u00e0 la mosqu\u00e9e sunnite ainsi qu\u2019\u00e0 la paroisse Saints Pierre et Paul. \u00c9galement pr\u00e9sident du Conseil r\u00e9gional du Loh\u2011Djiboua, le ministre a soulign\u00e9 que ce geste traduit son attachement aux valeurs de solidarit\u00e9 et de coh\u00e9sion sociale. Il a exprim\u00e9 sa gratitude aux communaut\u00e9s religieuses pour leur soutien constant et indiqu\u00e9 que ce don contribuera \u00e0 faciliter l\u2019observance du je\u00fbne dans de meilleures conditions.<\/p>\n<p>Profitant de l\u2019occasion, il a \u00e9voqu\u00e9 sa nomination au sein du gouvernement dirig\u00e9 par Robert Beugr\u00e9 Mamb\u00e9, invitant les fid\u00e8les \u00e0 prier pour les autorit\u00e9s du pays.<\/p>\n<p>Au nom des musulmans, le colonel \u00e0 la retraite Dosso Momo a salu\u00e9 une initiative fid\u00e8le \u00e0 l\u2019engagement du ministre en faveur du Loh\u2011Djiboua. Le maire de Divo, Ali Tour\u00e9, a appel\u00e9 les populations \u00e0 accompagner le ministre dans ses nouvelles fonctions, notamment sur les questions d\u2019hydraulique.<\/p>\n<p>\u00c0 la paroisse Saints Pierre et Paul, le p\u00e8re cur\u00e9 Paul Yoroupa a remerci\u00e9 le donateur et assur\u00e9 que l\u2019\u00c9glise poursuivra ses pri\u00e8res pour la paix et la stabilit\u00e9 en C\u00f4te d\u2019Ivoire.<\/p>\n<p><strong>Mamadou Ouattara avec Ly Abdul<\/strong><\/p>\n","protected":false},"excerpt":{"rendered":"<p>\u00c0 l\u2019occasion du je\u00fbne musulman et du Car\u00eame chr\u00e9tien, le ministre Am\u00e9d\u00e9 Koffi Kouakou a fait don de 20 tonnes de vivres aux communaut\u00e9s musulmane et catholique de Divo, vendredi 20 f\u00e9vrier 2026. La cargaison, compos\u00e9e principalement de riz et de sucre, vise \u00e0 soutenir les fid\u00e8les durant cette p\u00e9riode de recueillement. La remise s\u2019est [&hellip;]<\/p>\n","protected":false},"author":4,"featured_media":42482,"comment_status":"closed","ping_status":"closed","sticky":false,"template":"","format":"standard","meta":{"_monsterinsights_skip_tracking":false,"_monsterinsights_sitenote_active":false,"_monsterinsights_sitenote_note":"","_monsterinsights_sitenote_category":0,"footnotes":""},"categories":[2,3],"tags":[6651,968,7184,7145,7183],"class_list":["post-42481","post","type-post","status-publish","format-standard","has-post-thumbnail","hentry","category-featured","category-societe","tag-amede-koffi-kouakou","tag-divo","tag-le-careme","tag-le-ramadan","tag-tonnes-de-vivres"],"_links":{"self":[{"href":"https:\/\/www.lintelligentdabidjan.info\/news\/wp-json\/wp\/v2\/posts\/42481","targetHints":{"allow":["GET"]}}],"collection":[{"href":"https:\/\/www.lintelligentdabidjan.info\/news\/wp-json\/wp\/v2\/posts"}],"about":[{"href":"https:\/\/www.lintelligentdabidjan.info\/news\/wp-json\/wp\/v2\/types\/post"}],"author":[{"embeddable":true,"href":"https:\/\/www.lintelligentdabidjan.info\/news\/wp-json\/wp\/v2\/users\/4"}],"replies":[{"embeddable":true,"href":"https:\/\/www.lintelligentdabidjan.info\/news\/wp-json\/wp\/v2\/comments?post=42481"}],"version-history":[{"count":1,"href":"https:\/\/www.lintelligentdabidjan.info\/news\/wp-json\/wp\/v2\/posts\/42481\/revisions"}],"predecessor-version":[{"id":42483,"href":"https:\/\/www.lintelligentdabidjan.info\/news\/wp-json\/wp\/v2\/posts\/42481\/revisions\/42483"}],"wp:featuredmedia":[{"embeddable":true,"href":"https:\/\/www.lintelligentdabidjan.info\/news\/wp-json\/wp\/v2\/media\/42482"}],"wp:attachment":[{"href":"https:\/\/www.lintelligentdabidjan.info\/news\/wp-json\/wp\/v2\/media?parent=42481"}],"wp:term":[{"taxonomy":"category","embeddable":true,"href":"https:\/\/www.lintelligentdabidjan.info\/news\/wp-json\/wp\/v2\/categories?post=42481"},{"taxonomy":"post_tag","embeddable":true,"href":"https:\/\/www.lintelligentdabidjan.info\/news\/wp-json\/wp\/v2\/tags?post=42481"}],"curies":[{"name":"wp","href":"https:\/\/api.w.org\/{rel}","templated":true}]}}