{"id":42524,"date":"2026-02-25T05:29:57","date_gmt":"2026-02-25T04:29:57","guid":{"rendered":"https:\/\/www.lintelligentdabidjan.info\/news\/?p=42524"},"modified":"2026-02-25T05:35:16","modified_gmt":"2026-02-25T04:35:16","slug":"crise-dans-la-filiere-cacaodes-producteurs-pour-des-assises-nationales","status":"publish","type":"post","link":"https:\/\/www.lintelligentdabidjan.info\/news\/crise-dans-la-filiere-cacaodes-producteurs-pour-des-assises-nationales\/","title":{"rendered":"Crise dans la fili\u00e8re cacao:Des producteurs pour des assises nationales"},"content":{"rendered":"<p><strong>R\u00e9unis le lundi 23 f\u00e9vrier 2026 \u00e0 l\u2019occasion d\u2019une c\u00e9r\u00e9monie d\u2019hommage \u00e0 leurs leaders, les producteurs de cacao regroup\u00e9s au sein de la plateforme ANAPROCI-SYNAP-CI ont lanc\u00e9 un appel pressant en faveur de la tenue d\u2019assises nationales pour \u00ab sauver la fili\u00e8re \u00bb.<\/strong><\/p>\n<p>Ils plaident pour une concertation inclusive r\u00e9unissant l\u2019\u00c9tat, les producteurs, les experts et l\u2019ensemble des acteurs de la cha\u00eene de valeur. Objectif : r\u00e9examiner le m\u00e9canisme de commercialisation, identifier les dysfonctionnements structurels et proposer des r\u00e9formes durables.<\/p>\n<p>Parmi les r\u00e9solutions adopt\u00e9es figurent l\u2019exigence d\u2019un revenu \u00e9quitable pour chaque producteur et une r\u00e9gulation plus efficace du march\u00e9 afin de s\u00e9curiser les plantations et stabiliser le secteur. Les organisations demandent \u00e9galement une rencontre urgente avec le ministre d\u2019\u00c9tat, ministre de l\u2019Agriculture et du D\u00e9veloppement rural, Bruno Nabagn\u00e9 Kon\u00e9, afin d\u2019ouvrir un dialogue direct.<\/p>\n<p>Les producteurs d\u00e9noncent par ailleurs certaines pratiques jug\u00e9es injustes, notamment les ponctions sur les sacs et la d\u00e9livrance de re\u00e7us en lieu et place de paiements effectifs. Ils appellent \u00e0 davantage de transparence et d\u2019\u00e9quit\u00e9 dans la commercialisation.<\/p>\n<p>Le doyen Diallo Daouda Augustin a rappel\u00e9 que le prix bord champ avait \u00e9t\u00e9 fix\u00e9 \u00e0 2 800 FCFA le kilogramme, suscitant espoir et satisfaction, avant que des blocages ne viennent perturber la commercialisation.<\/p>\n<p>Pour Kon\u00e9 Moussa (SYNAP-CI) et Kanga Koffi (ANAPROCI), la mobilisation est l\u00e9gitime. Tous deux insistent sur la n\u00e9cessit\u00e9 d\u2019un dialogue inclusif et de solutions durables, tout en privil\u00e9giant la concertation plut\u00f4t que l\u2019affrontement pour pr\u00e9server l\u2019avenir de la fili\u00e8re cacao.<\/p>\n<p><strong>Beker Yao<\/strong><\/p>\n<p>&nbsp;<\/p>\n","protected":false},"excerpt":{"rendered":"<p>R\u00e9unis le lundi 23 f\u00e9vrier 2026 \u00e0 l\u2019occasion d\u2019une c\u00e9r\u00e9monie d\u2019hommage \u00e0 leurs leaders, les producteurs de cacao regroup\u00e9s au sein de la plateforme ANAPROCI-SYNAP-CI ont lanc\u00e9 un appel pressant en faveur de la tenue d\u2019assises nationales pour \u00ab sauver la fili\u00e8re \u00bb. Ils plaident pour une concertation inclusive r\u00e9unissant l\u2019\u00c9tat, les producteurs, les experts [&hellip;]<\/p>\n","protected":false},"author":4,"featured_media":42525,"comment_status":"closed","ping_status":"closed","sticky":false,"template":"","format":"standard","meta":{"footnotes":""},"categories":[2,18],"tags":[7212,7210,7211],"class_list":["post-42524","post","type-post","status-publish","format-standard","has-post-thumbnail","hentry","category-featured","category-economie","tag-assises-nationales","tag-crise-dans-la-filiere-cacao","tag-des-producteurs"],"_links":{"self":[{"href":"https:\/\/www.lintelligentdabidjan.info\/news\/wp-json\/wp\/v2\/posts\/42524","targetHints":{"allow":["GET"]}}],"collection":[{"href":"https:\/\/www.lintelligentdabidjan.info\/news\/wp-json\/wp\/v2\/posts"}],"about":[{"href":"https:\/\/www.lintelligentdabidjan.info\/news\/wp-json\/wp\/v2\/types\/post"}],"author":[{"embeddable":true,"href":"https:\/\/www.lintelligentdabidjan.info\/news\/wp-json\/wp\/v2\/users\/4"}],"replies":[{"embeddable":true,"href":"https:\/\/www.lintelligentdabidjan.info\/news\/wp-json\/wp\/v2\/comments?post=42524"}],"version-history":[{"count":1,"href":"https:\/\/www.lintelligentdabidjan.info\/news\/wp-json\/wp\/v2\/posts\/42524\/revisions"}],"predecessor-version":[{"id":42526,"href":"https:\/\/www.lintelligentdabidjan.info\/news\/wp-json\/wp\/v2\/posts\/42524\/revisions\/42526"}],"wp:featuredmedia":[{"embeddable":true,"href":"https:\/\/www.lintelligentdabidjan.info\/news\/wp-json\/wp\/v2\/media\/42525"}],"wp:attachment":[{"href":"https:\/\/www.lintelligentdabidjan.info\/news\/wp-json\/wp\/v2\/media?parent=42524"}],"wp:term":[{"taxonomy":"category","embeddable":true,"href":"https:\/\/www.lintelligentdabidjan.info\/news\/wp-json\/wp\/v2\/categories?post=42524"},{"taxonomy":"post_tag","embeddable":true,"href":"https:\/\/www.lintelligentdabidjan.info\/news\/wp-json\/wp\/v2\/tags?post=42524"}],"curies":[{"name":"wp","href":"https:\/\/api.w.org\/{rel}","templated":true}]}}