{"id":42538,"date":"2026-02-26T05:45:23","date_gmt":"2026-02-26T04:45:23","guid":{"rendered":"https:\/\/www.lintelligentdabidjan.info\/news\/?p=42538"},"modified":"2026-02-26T05:46:10","modified_gmt":"2026-02-26T04:46:10","slug":"fin-de-mandat-a-lunjci-une-transition-pour-les-affaires-courantes-annoncee-apres-un-congres-extraordinaire-recuse","status":"publish","type":"post","link":"https:\/\/www.lintelligentdabidjan.info\/news\/fin-de-mandat-a-lunjci-une-transition-pour-les-affaires-courantes-annoncee-apres-un-congres-extraordinaire-recuse\/","title":{"rendered":"Fin de mandat \u00e0 l\u2019UNJCI : Une transition pour les affaires courantes annonc\u00e9e apr\u00e8s un congr\u00e8s extraordinaire r\u00e9cus\u00e9"},"content":{"rendered":"<p><strong>Suite \u00e0 la tenue mercredi 25 f\u00e9vrier 2026 d\u2019un congr\u00e8s extraordinaire de l\u2019UNJCI jug\u00e9 non transparent et peu d\u00e9mocratique, F\u00e9lix Boni a annonc\u00e9 la mise en place d\u2019un organe transitoire ind\u00e9pendant charg\u00e9 de g\u00e9rer les affaires courantes jusqu\u2019\u00e0 l\u2019organisation d\u2019un congr\u00e8s.<\/strong><\/p>\n<p>Le 12\u1d49 congr\u00e8s \u00e9lectif de l\u2019Union nationale des journalistes de C\u00f4te d\u2019Ivoire (UNJCI), initialement pr\u00e9vu les 13 et 14 f\u00e9vrier 2026 puis report\u00e9 aux 20 et 21 f\u00e9vrier 2026, a \u00e9t\u00e9 suspendu jusqu\u2019\u00e0 nouvel ordre \u00e0 la suite d\u2019une d\u00e9cision de justice..<\/p>\n<p>\u00c0 l\u2019approche de la fin de son mandat le mercredi 25 f\u00e9vrier 2026 \u00e0 minuit, le pr\u00e9sident sortant, Jean-Claude Coulibaly, a convoqu\u00e9 une Assembl\u00e9e g\u00e9n\u00e9rale extraordinaire le m\u00eame jour \u00e0 la Maison de la presse, \u00e0 Abidjan-Plateau.<\/p>\n<p><strong>Un ordre du jour modifi\u00e9 en s\u00e9ance<\/strong><\/p>\n<p>Selon les convocations, la rencontre devait porter sur \u00ab l\u2019analyse approfondie et l\u2019examen de la crise actuelle au sein de l\u2019UNJCI ainsi que les d\u00e9cisions et mesures \u00e0 prendre pour le r\u00e9tablissement de l\u2019ordre statutaire, de la coh\u00e9sion et de la stabilit\u00e9 de l\u2019Union \u00bb.<\/p>\n<p>Toutefois, en s\u00e9ance, l\u2019ordre du jour a \u00e9t\u00e9 modifi\u00e9 pour porter sur la \u00ab prorogation du mandat des instances de l\u2019UNJCI jusqu\u2019\u00e0 la tenue effective d\u2019un nouveau congr\u00e8s \u00bb.<\/p>\n<p>Cette modification a suscit\u00e9 des contestations au sein de l\u2019assembl\u00e9e et raviv\u00e9 les tensions.<\/p>\n<p>Le\u00a0 pr\u00e9sident de s\u00e9ance, \u00e9galement pr\u00e9sident du conseil d\u2019administration,\u00a0 Bertin N\u2019Guessan a pris l\u2019initiative de trancher la question du maintien du mandat de Jean Claude Coulibaly .<\/p>\n<p>S\u2019adressant \u00e0 l\u2019assembl\u00e9e, il a pos\u00e9 la question : \u00ab Quels sont ceux qui sont pour le maintien du mandat de JC ? \u00bb Imm\u00e9diatement, les partisans de JC se sont lev\u00e9s et ont applaudi. Sans proc\u00e9der \u00e0 un comptage formel, organiser un vote officiel, ni offrir la parole aux autres congressistes pr\u00e9sents , il a proclam\u00e9 que \u00ab la majorit\u00e9 a vot\u00e9 \u00bb et que la d\u00e9cision \u00e9tait acquise. Cette proc\u00e9dure, a \u00e9t\u00e9 qualifi\u00e9e d\u2019unilat\u00e9rale, et critiqu\u00e9e pour son manque de transparence et pour avoir priv\u00e9 une partie de l\u2019assembl\u00e9e de la possibilit\u00e9 de se prononcer clairement par un comptage des voix pour et contre.<\/p>\n<p><strong>La proc\u00e9dure contest\u00e9e\u00a0<\/strong><\/p>\n<p>Apr\u00e8s l\u2019Assembl\u00e9e g\u00e9n\u00e9rale extraordinaire, F\u00e9lix Bony, directeur de campagne de la candidate Marie-Laure N\u2019Goran, a donn\u00e9 une conf\u00e9rence\u00a0 de presse.<\/p>\n<p>\u00ab Conform\u00e9ment aux lois sur les associations, qui priment sur les r\u00e8glements int\u00e9rieurs, toute r\u00e9f\u00e9rence \u00e0 un texte doit \u00eatre accompagn\u00e9e de sa source \u00bb, a-t-il d\u00e9clar\u00e9.<\/p>\n<p>Il a rappel\u00e9 que les statuts d\u2019une association constituent le cadre juridique principal, tandis que le r\u00e8glement int\u00e9rieur en pr\u00e9cise les modalit\u00e9s d\u2019application. Selon lui, si l\u2019article 15 des statuts de l\u2019UNJCI pr\u00e9voit bien la possibilit\u00e9 d\u2019un congr\u00e8s extraordinaire, les articles 3 et 4 en encadrent strictement les conditions d\u2019organisation.<\/p>\n<p><strong>D\u00e9bat sur la \u201cd\u00e9mission de fait\u201d<\/strong><\/p>\n<p>Le repr\u00e9sentant du camp Marie-Laure a \u00e9galement contest\u00e9 l\u2019argument de la \u00ab d\u00e9mission de fait \u00bb \u00e9voqu\u00e9 par le pr\u00e9sident sortant. \u00ab Une d\u00e9mission de fait doit \u00eatre formellement constat\u00e9e par un organe comp\u00e9tent. Le conseil d\u2019administration aurait pu l\u2019acter par une note \u00e9crite adress\u00e9e aux membres \u00bb, a-t-il soutenu.<\/p>\n<p>Il s\u2019est interrog\u00e9 sur la coh\u00e9rence juridique de la prorogation : \u00ab Si le conseil ex\u00e9cutif est consid\u00e9r\u00e9 comme d\u00e9missionnaire de fait, quelle instance est alors prorog\u00e9e ? \u00bb<\/p>\n<p><strong>Vers une nouvelle impasse ?<\/strong><\/p>\n<p>Estimant que les conditions statutaires d\u2019organisation du congr\u00e8s n\u2019ont pas \u00e9t\u00e9 respect\u00e9es, le camp de Marie-Laure N\u2019Goran consid\u00e8re qu\u2019\u00e0 l\u2019expiration du mandat, les instances actuelles cessent d\u2019exister.<\/p>\n<p>\u00ab \u00c0 partir de ce jour \u00e0 00 h, il n\u2019y a plus de conseil ex\u00e9cutif ni de comit\u00e9 des sages \u00bb, a affirm\u00e9 F\u00e9lix Bony.<\/p>\n<p>Son camp annonce envisager la mise en place d\u2019un organe transitoire ind\u00e9pendant charg\u00e9 de g\u00e9rer les affaires courantes jusqu\u2019\u00e0 l\u2019organisation d\u2019un congr\u00e8s \u00ab \u00e9quitable et apais\u00e9 \u00bb pour le renouvellement des instances dirigeantes. La crise au sein de l\u2019UNJCI laisse ainsi planer une incertitude sur la gouvernance de l\u2019organisation, dans l\u2019attente d\u2019une issue juridique et statutaire.<\/p>\n<p>&nbsp;<\/p>\n<p><strong>Mamadou Ouattara<\/strong><\/p>\n","protected":false},"excerpt":{"rendered":"<p>Suite \u00e0 la tenue mercredi 25 f\u00e9vrier 2026 d\u2019un congr\u00e8s extraordinaire de l\u2019UNJCI jug\u00e9 non transparent et peu d\u00e9mocratique, F\u00e9lix Boni a annonc\u00e9 la mise en place d\u2019un organe transitoire ind\u00e9pendant charg\u00e9 de g\u00e9rer les affaires courantes jusqu\u2019\u00e0 l\u2019organisation d\u2019un congr\u00e8s. Le 12\u1d49 congr\u00e8s \u00e9lectif de l\u2019Union nationale des journalistes de C\u00f4te d\u2019Ivoire (UNJCI), initialement [&hellip;]<\/p>\n","protected":false},"author":4,"featured_media":42539,"comment_status":"closed","ping_status":"closed","sticky":false,"template":"","format":"standard","meta":{"footnotes":""},"categories":[2,3],"tags":[5180,7219,7221,7220],"class_list":["post-42538","post","type-post","status-publish","format-standard","has-post-thumbnail","hentry","category-featured","category-societe","tag-congres-extraordinaire","tag-fin-de-mandat-a-lunjci","tag-les-affaires-courantes","tag-une-transition"],"_links":{"self":[{"href":"https:\/\/www.lintelligentdabidjan.info\/news\/wp-json\/wp\/v2\/posts\/42538","targetHints":{"allow":["GET"]}}],"collection":[{"href":"https:\/\/www.lintelligentdabidjan.info\/news\/wp-json\/wp\/v2\/posts"}],"about":[{"href":"https:\/\/www.lintelligentdabidjan.info\/news\/wp-json\/wp\/v2\/types\/post"}],"author":[{"embeddable":true,"href":"https:\/\/www.lintelligentdabidjan.info\/news\/wp-json\/wp\/v2\/users\/4"}],"replies":[{"embeddable":true,"href":"https:\/\/www.lintelligentdabidjan.info\/news\/wp-json\/wp\/v2\/comments?post=42538"}],"version-history":[{"count":1,"href":"https:\/\/www.lintelligentdabidjan.info\/news\/wp-json\/wp\/v2\/posts\/42538\/revisions"}],"predecessor-version":[{"id":42540,"href":"https:\/\/www.lintelligentdabidjan.info\/news\/wp-json\/wp\/v2\/posts\/42538\/revisions\/42540"}],"wp:featuredmedia":[{"embeddable":true,"href":"https:\/\/www.lintelligentdabidjan.info\/news\/wp-json\/wp\/v2\/media\/42539"}],"wp:attachment":[{"href":"https:\/\/www.lintelligentdabidjan.info\/news\/wp-json\/wp\/v2\/media?parent=42538"}],"wp:term":[{"taxonomy":"category","embeddable":true,"href":"https:\/\/www.lintelligentdabidjan.info\/news\/wp-json\/wp\/v2\/categories?post=42538"},{"taxonomy":"post_tag","embeddable":true,"href":"https:\/\/www.lintelligentdabidjan.info\/news\/wp-json\/wp\/v2\/tags?post=42538"}],"curies":[{"name":"wp","href":"https:\/\/api.w.org\/{rel}","templated":true}]}}